{"id":15381,"date":"2024-05-28T13:44:32","date_gmt":"2024-05-28T11:44:32","guid":{"rendered":"https:\/\/www.blogdeasisa.es\/?p=15381"},"modified":"2024-05-28T15:32:25","modified_gmt":"2024-05-28T13:32:25","slug":"7-islas-mediterraneas","status":"publish","type":"post","link":"\/blog\/viajes\/7-islas-mediterraneas\/","title":{"rendered":"7 islas mediterr\u00e1neas que no te puedes perder"},"content":{"rendered":"\n<p>Las <strong>islas mediterr\u00e1neas<\/strong> son una de las opciones preferidas como destino de vacaciones por su clima y la combinaci\u00f3n entre historia, arquitectura, mar y monta\u00f1a que podemos encontrar en ellas. Esparcidas por todo el <strong>Mediterr\u00e1neo<\/strong>, existen cerca <strong>de 9.000 islas de todas las formas y tama\u00f1os<\/strong>.<\/p>\n\n\n\n<p>Elegir tan solo una de ellas puede ser una decisi\u00f3n compleja y, para evitarlo, existen cruceros que realizan varias rutas por algunas de ellas. En este post te descubrimos <strong>7 islas mediterr\u00e1neas <\/strong>para que puedas ir planificando tus pr\u00f3ximas vacaciones. &nbsp;<\/p>\n\n\n\n<div class=\"wp-block-stackable-heading stk-block-heading stk-block-heading--v2 stk-block stk-7f66cb6\" id=\"strong-mallorca-una-de-las-islas-mediterraneas-favoritas-strong\" data-block-id=\"7f66cb6\"><h2 class=\"stk-block-heading__text\"><strong>Mallorca, una de las islas mediterr\u00e1neas favoritas<\/strong><\/h2><\/div>\n\n\n\n<p><strong>Mallorca<\/strong>, la m\u00e1s grande de las islas Baleares, es uno de los destinos preferidos tanto por el turismo nacional como el internacional: han llegado a acoger <a href=\"https:\/\/www.europapress.es\/illes-balears\/noticia-baleares-recibio-132-millones-turistas-internacionales-2022-menos-2019-25-mas-gasto-20230202093123.html\" target=\"_blank\" rel=\"noreferrer noopener\">11,4 millones de personas en 2022.<\/a> Ofrece una mezcla perfecta entre mar y monta\u00f1a, pudiendo visitar la <strong>Sierra de la Tramuntana,<\/strong> que alcanza los 1.445 metros de altura, y playas como <strong>Es Trenc<\/strong> o la <strong>Cala des Moro<\/strong> en el mismo viaje. Adem\u00e1s, Mallorca tiene diversas opciones de ocio en su capital, <strong>Palma<\/strong>, y una vida nocturna internacionalmente conocida al sur de la isla, en <strong>Magaluf<\/strong>.<\/p>\n\n\n\n<div class=\"wp-block-stackable-heading stk-block-heading stk-block-heading--v2 stk-block stk-a0b07a6\" id=\"strong-corfu-la-isla-jonica-por-excelencia-strong\" data-block-id=\"a0b07a6\"><h2 class=\"stk-block-heading__text\"><strong>Corf\u00fa, la isla j\u00f3nica por excelencia<\/strong><\/h2><\/div>\n\n\n\n<p>La isla de <strong>Corf\u00fa<\/strong>, la segunda m\u00e1s grande del archipi\u00e9lago j\u00f3nico, debe su nombre al <strong>dios Zeus<\/strong>. La herencia veneciana es visible en la arquitectura de toda la isla, pero, sobre todo, en la <strong>Antigua Corf\u00fa<\/strong>, su capital, <a href=\"https:\/\/whc.unesco.org\/es\/list\/978\" target=\"_blank\" rel=\"noopener\">declarada <strong>Patrimonio de la Humanidad por la UNESCO<\/strong><\/a>. Los amantes de la naturaleza y el senderismo podr\u00e1n, adem\u00e1s, acceder a lugares rec\u00f3nditos como <strong>las bah\u00edas gemelas de Porto Timoni,<\/strong> tan solo accesibles a pie.<\/p>\n\n\n\n<div class=\"wp-block-stackable-heading stk-block-heading stk-block-heading--v2 stk-block stk-005722b\" id=\"strong-malta-donde-se-mezclan-las-culturas-strong\" data-block-id=\"005722b\"><h2 class=\"stk-block-heading__text\"><strong>Malta, donde se mezclan las culturas<\/strong><\/h2><\/div>\n\n\n\n<p><strong>Malta<\/strong> es un peque\u00f1o archipi\u00e9lago ubicado entre las aguas de Italia, T\u00fanez y Libia que constituyen <strong>el estado m\u00e1s peque\u00f1o de la Uni\u00f3n Europea<\/strong>. Debido a su ubicaci\u00f3n, las <strong>influencias europeas, \u00e1rabes y norteafricanas son visibles<\/strong> a trav\u00e9s de las diferentes ciudades de la isla, como <strong>Mdina o Marsaxlokk.<\/strong> <strong>La Valeta<\/strong>, capital de la isla, es una ciudad barroca con un importante patrimonio arquitect\u00f3nico que no pasa desapercibido.<\/p>\n\n\n\n<div class=\"wp-block-stackable-heading stk-block-heading stk-block-heading--v2 stk-block stk-f8ccf23\" id=\"strong-cerdena-un-paraiso-para-descansar-strong\" data-block-id=\"f8ccf23\"><h2 class=\"stk-block-heading__text\"><strong>Cerde\u00f1a, un para\u00edso para descansar<\/strong><\/h2><\/div>\n\n\n\n<p>La costa escarpada de esta isla italiana, sus playas paradisiacas y pueblos pintorescos, hacen de Cerde\u00f1a un destino vacacional ideal para una escapada. Su capital, <strong>Cagliari<\/strong>, acoge las <strong>Torres de San Pancracio <\/strong>y del<strong> Elefante<\/strong>, desde donde se puede disfrutar de una panor\u00e1mica espectacular de toda la ciudad. Cerca de la isla de Cerde\u00f1a se encuentra la <strong>isla de Caprera<\/strong>. En ella est\u00e1 la <strong>Cala Coticcio<\/strong>, una playa rodeada por acantilados y ba\u00f1ada por aguas cristalinas y turquesas en las <a href=\"\/\/viajes\/5-destinos-turisticos-sin-cobertura-para-desconectar-en-vacaciones\/\" target=\"_blank\" rel=\"noreferrer noopener\">que desconectar por completo.<\/a><\/p>\n\n\n\n<div class=\"wp-block-stackable-heading stk-block-heading stk-block-heading--v2 stk-block stk-1bd4e58\" id=\"strong-mykonos-entre-las-islas-mediterraneas-mas-fiesteras-strong\" data-block-id=\"1bd4e58\"><h2 class=\"stk-block-heading__text\"><strong>Mykonos, entre las islas mediterr\u00e1neas m\u00e1s fiesteras<\/strong><\/h2><\/div>\n\n\n\n<p>Conocida por sus <strong>discotecas <\/strong>a pie de playa, la isla de <strong>Mykonos, en Grecia,<\/strong> ofrece tambi\u00e9n un paisaje de lo m\u00e1s pintoresco. Sus molinos de viento, calles empedradas y edificios blancos con ventanas azules hacen de <strong>Chora<\/strong>, su capital, una ciudad de lo m\u00e1s fotografiable.<\/p>\n\n\n\n<div class=\"wp-block-stackable-heading stk-block-heading stk-block-heading--v2 stk-block stk-b5a1e3b\" id=\"strong-chipre-la-isla-de-afrodita-strong\" data-block-id=\"b5a1e3b\"><h2 class=\"stk-block-heading__text\"><strong>Chipre, la isla de Afrodita<\/strong><\/h2><\/div>\n\n\n\n<p>La isla de <strong>Chipre<\/strong> cuenta con la <strong>\u00faltima capital dividida del mundo,<\/strong> <strong>Nicosia<\/strong>. Esto se debe a la disputa entre<strong> Grecia y Turqu\u00eda <\/strong>por el control de la isla, que desde 1974 est\u00e1 dividida por una zona desmilitarizada custodiada por la ONU. Por otro lado, la segunda ciudad m\u00e1s importante<strong>, Pafos, es conocida por ser la localidad donde naci\u00f3 Afrodita<\/strong>, la diosa del amor y la belleza.<\/p>\n\n\n\n<div class=\"wp-block-stackable-heading stk-block-heading stk-block-heading--v2 stk-block stk-7569d24\" id=\"strong-sicilia-la-mas-grande-de-las-islas-mediterraneas-strong\" data-block-id=\"7569d24\"><h2 class=\"stk-block-heading__text\"><strong>Sicilia, la m\u00e1s grande de las islas mediterr\u00e1neas<\/strong><\/h2><\/div>\n\n\n\n<p>Ubicada en el sur de la pen\u00ednsula italiana, esta <strong>isla alberga el volc\u00e1n activo m\u00e1s grande de Europa, el Etna<\/strong>. Adem\u00e1s de Palermo y Catania, las ciudades m\u00e1s importantes, es indispensable pasar unos d\u00edas en la <strong>llamativa localidad de Cefal\u00fa<\/strong>, al norte de la isla.<\/p>\n\n\n\n<div class=\"wp-block-stackable-icon-box stk-block-icon-box stk-block stk-9778e03 stk-block-background\" data-v=\"2\" data-block-id=\"9778e03\"><style>.stk-9778e03{background-color:#efeee9 !important}.stk-9778e03:before{background-color:#efeee9 !important}<\/style><div class=\"stk-block-content stk-inner-blocks stk-block-icon-box__content stk-container stk-9778e03-container stk--no-background stk--no-padding\">\n<div class=\"wp-block-stackable-icon-label stk-block-icon-label stk-block stk-fdd9455\" data-block-id=\"fdd9455\"><div class=\"stk-row stk-inner-blocks stk-block-content\">\n<div class=\"wp-block-stackable-icon stk-block-icon has-text-align-left stk-block stk-bf36c07\" data-block-id=\"bf36c07\"><style>.stk-bf36c07 .stk--svg-wrapper .stk--inner-svg svg:last-child,.stk-bf36c07 .stk--svg-wrapper .stk--inner-svg svg:last-child :is(g,path,rect,polygon,ellipse){fill:#085086 !important}<\/style><span class=\"stk--svg-wrapper\"><div class=\"stk--inner-svg\"><svg style=\"height:0;width:0\"><defs><linearGradient id=\"linear-gradient-bf36c07\" x1=\"0\" x2=\"100%\" y1=\"0\" y2=\"0\"><stop offset=\"0%\" style=\"stop-opacity:1;stop-color:var(--linear-gradient-bf-36-c-07-color-1)\"><\/stop><stop offset=\"100%\" style=\"stop-opacity:1;stop-color:var(--linear-gradient-bf-36-c-07-color-2)\"><\/stop><\/linearGradient><\/defs><\/svg><svg xmlns=\"http:\/\/www.w3.org\/2000\/svg\" viewBox=\"0 0 512 512\" aria-hidden=\"true\" width=\"32\" height=\"32\"><path d=\"M478.21 334.093L336 256l142.21-78.093c11.795-6.477 15.961-21.384 9.232-33.037l-19.48-33.741c-6.728-11.653-21.72-15.499-33.227-8.523L296 186.718l3.475-162.204C299.763 11.061 288.937 0 275.48 0h-38.96c-13.456 0-24.283 11.061-23.994 24.514L216 186.718 77.265 102.607c-11.506-6.976-26.499-3.13-33.227 8.523l-19.48 33.741c-6.728 11.653-2.562 26.56 9.233 33.037L176 256 33.79 334.093c-11.795 6.477-15.961 21.384-9.232 33.037l19.48 33.741c6.728 11.653 21.721 15.499 33.227 8.523L216 325.282l-3.475 162.204C212.237 500.939 223.064 512 236.52 512h38.961c13.456 0 24.283-11.061 23.995-24.514L296 325.282l138.735 84.111c11.506 6.976 26.499 3.13 33.227-8.523l19.48-33.741c6.728-11.653 2.563-26.559-9.232-33.036z\"><\/path><\/svg><\/div><\/span><\/div>\n\n\n\n<div class=\"wp-block-stackable-heading stk-block-heading stk-block-heading--v2 stk-block stk-b944d37\" id=\"recuerda\" data-block-id=\"b944d37\"><h4 class=\"stk-block-heading__text\">Recuerda<\/h4><\/div>\n<\/div><\/div>\n\n\n\n<div class=\"wp-block-stackable-heading stk-block-heading stk-block-heading--v2 stk-block stk-8fdaf0b\" id=\"las-islas-mediterraneas-son-una-de-las-opciones-preferidas-como-destino-de-vacaciones-por-su-clima-y-la-combinacion-entre-historia-arquitectura-mar-y-montana\" data-block-id=\"8fdaf0b\"><style>.stk-8fdaf0b{margin-bottom:12px !important}<\/style><h5 class=\"stk-block-heading__text\">Las islas mediterr\u00e1neas son una de las opciones preferidas como destino de vacaciones por su clima y la combinaci\u00f3n entre historia, arquitectura, mar y monta\u00f1a.<\/h5><\/div>\n\n\n\n<div class=\"wp-block-stackable-heading stk-block-heading stk-block-heading--v2 stk-block stk-cc58323\" id=\"existen-cerca-de-9-000-islas-de-todas-las-formas-y-tamanos-para-visitar-en-el-mar-mediterraneo\" data-block-id=\"cc58323\"><style>.stk-cc58323{margin-bottom:12px !important}<\/style><h5 class=\"stk-block-heading__text\">Existen cerca de 9.000 islas de todas las formas y tama\u00f1os para visitar en el mar Mediterr\u00e1neo.<\/h5><\/div>\n\n\n\n<div class=\"wp-block-stackable-heading stk-block-heading stk-block-heading--v2 stk-block stk-1201dce\" id=\"un-seguro-de-sucesos-que-cubra-el-asesoramiento-juridico-y-legal-puede-ser-de-gran-ayuda-en-los-momentos-dificiles-tras-un-fallecimiento\" data-block-id=\"1201dce\"><h5 class=\"stk-block-heading__text\">Actualmente, existen diferentes cruceros que realizan varias rutas por varias de ellas.<\/h5><\/div>\n<\/div><\/div>\n","protected":false},"excerpt":{"rendered":"<p>Las islas mediterr\u00e1neas son una de las opciones preferidas como destino de vacaciones por su clima y la combinaci\u00f3n entre historia, arquitectura, mar y monta\u00f1a que podemos encontrar en ellas. Esparcidas por todo el Mediterr\u00e1neo, existen cerca de 9.000 islas de todas las formas y tama\u00f1os. Elegir tan solo una de ellas puede ser una &#8230; <\/p>\n<p class=\"read-more-container\"><a title=\"7 islas mediterr\u00e1neas que no te puedes perder\" class=\"read-more button\" href=\"\/blog\/viajes\/7-islas-mediterraneas\/#more-15381\" aria-label=\"Leer m\u00e1s sobre 7 islas mediterr\u00e1neas que no te puedes perder\">Leer m\u00e1s<\/a><\/p>\n","protected":false},"author":8,"featured_media":15383,"comment_status":"closed","ping_status":"closed","sticky":false,"template":"","format":"standard","meta":{"_coblocks_attr":"","_coblocks_dimensions":"","_coblocks_responsive_height":"","_coblocks_accordion_ie_support":"","om_disable_all_campaigns":false,"_uf_show_specific_survey":0,"_uf_disable_surveys":false,"twitterCardType":"","cardImageID":0,"cardImage":"","cardTitle":"","cardDesc":"","cardImageAlt":"","cardPlayer":"","cardPlayerWidth":0,"cardPlayerHeight":0,"cardPlayerStream":"","cardPlayerCodec":"","footnotes":""},"categories":[87,86],"tags":[],"aioseo_notices":[],"featured_image_src":"\/blog\/wp-content\/uploads\/2024\/05\/Islas-mediterraneas-600x400.jpg","featured_image_src_square":"\/blog\/wp-content\/uploads\/2024\/05\/Islas-mediterraneas-600x600.jpg","author_info":{"display_name":"ASISA","author_link":"\/blog\/author\/laragsoto\/"},"_links":{"self":[{"href":"\/blog\/wp-json\/wp\/v2\/posts\/15381"}],"collection":[{"href":"\/blog\/wp-json\/wp\/v2\/posts"}],"about":[{"href":"\/blog\/wp-json\/wp\/v2\/types\/post"}],"author":[{"embeddable":true,"href":"\/blog\/wp-json\/wp\/v2\/users\/8"}],"replies":[{"embeddable":true,"href":"\/blog\/wp-json\/wp\/v2\/comments?post=15381"}],"version-history":[{"count":3,"href":"\/blog\/wp-json\/wp\/v2\/posts\/15381\/revisions"}],"predecessor-version":[{"id":15385,"href":"\/blog\/wp-json\/wp\/v2\/posts\/15381\/revisions\/15385"}],"wp:featuredmedia":[{"embeddable":true,"href":"\/blog\/wp-json\/wp\/v2\/media\/15383"}],"wp:attachment":[{"href":"\/blog\/wp-json\/wp\/v2\/media?parent=15381"}],"wp:term":[{"taxonomy":"category","embeddable":true,"href":"\/blog\/wp-json\/wp\/v2\/categories?post=15381"},{"taxonomy":"post_tag","embeddable":true,"href":"\/blog\/wp-json\/wp\/v2\/tags?post=15381"}],"curies":[{"name":"wp","href":"https:\/\/api.w.org\/{rel}","templated":true}]}}