{"id":14763,"date":"2024-02-06T17:40:36","date_gmt":"2024-02-06T15:40:36","guid":{"rendered":"https:\/\/www.blogdeasisa.es\/?p=14763"},"modified":"2024-04-08T17:30:14","modified_gmt":"2024-04-08T15:30:14","slug":"por-que-algunas-personas-hablar-en-suenos","status":"publish","type":"post","link":"\/blog\/salud\/por-que-algunas-personas-hablar-en-suenos\/","title":{"rendered":"\u00bfPor qu\u00e9 algunas personas tienden a hablar en sue\u00f1os?"},"content":{"rendered":"\n<p><strong>Hablar en sue\u00f1os<\/strong> es m\u00e1s com\u00fan de lo que parece: <strong>se calcula que cerca del 66% de la poblaci\u00f3n lo ha hecho alguna vez<\/strong>. Este fen\u00f3meno se conoce como <strong>somniloquia<\/strong>, que se caracteriza por la <strong>emisi\u00f3n de sonidos verbales con poco contenido sem\u00e1ntico<\/strong>. Es decir, palabras aisladas o frases cortas, a menudo, vinculadas a los sue\u00f1os. \u00bfEs posible hablar en sue\u00f1os? <\/p>\n\n\n\n<p>Durante la infancia, es todav\u00eda m\u00e1s com\u00fan: se estima que <strong>el 50% de los ni\u00f1os de entre 2 y 10 a\u00f1os hablan en sue\u00f1os<\/strong>. Sin embargo, <strong>solo el 10% de la poblaci\u00f3n adulta presenta episodios de somniloquia dos veces o m\u00e1s por noche<\/strong>.<\/p>\n\n\n\n<div class=\"wp-block-stackable-heading stk-block-heading stk-block-heading--v2 stk-block stk-b9b7fe8\" id=\"strong-por-que-hay-personas-que-hablan-en-suenos-strong\" data-block-id=\"b9b7fe8\"><h2 class=\"stk-block-heading__text\"><strong>\u00bfPor qu\u00e9 hay personas que hablan en sue\u00f1os?<\/strong><\/h2><\/div>\n\n\n\n<p>La explicaci\u00f3n detr\u00e1s de este comportamiento se encuentra en la complejidad de nuestras <strong>fases del sue\u00f1o<\/strong> y la <strong>actividad cerebral que las acompa\u00f1a<\/strong>.<\/p>\n\n\n\n<p>Nuestro sue\u00f1o pasa por diferentes etapas, siendo una de las principales el sue\u00f1o de <strong>movimientos oculares r\u00e1pidos (REM)<\/strong>. Durante el sue\u00f1o REM es cuando so\u00f1amos de manera m\u00e1s v\u00edvida, y se activan <strong>\u00e1reas espec\u00edficas del cerebro relacionadas con la emoci\u00f3n, la memoria y la creatividad<\/strong>. Es en este escenario donde la somniloquia se puede manifestar.<\/p>\n\n\n\n<p>Estudios cient\u00edficos han demostrado que <strong>las palabras pronunciadas<\/strong> durante la somniloquia a menudo <strong>corresponden a los eventos y experiencias del sue\u00f1o<\/strong>. Este fen\u00f3meno sugiere una <strong>conexi\u00f3n directa entre la actividad cerebral durante el sue\u00f1o y la expresi\u00f3n verbal inconsciente<\/strong>.<\/p>\n\n\n\n<p>No obstante, es importante destacar que <strong>la explicaci\u00f3n exacta de por qu\u00e9 algunas personas hablan en sue\u00f1os sigue siendo un misterio<\/strong>.<\/p>\n\n\n\n<div class=\"wp-block-stackable-heading stk-block-heading stk-block-heading--v2 stk-block stk-0d33b40\" id=\"strong-es-posible-dejar-de-hablar-en-suenos-strong\" data-block-id=\"0d33b40\"><h2 class=\"stk-block-heading__text\"><strong>\u00bfEs posible dejar de hablar en sue\u00f1os?<\/strong><\/h2><\/div>\n\n\n\n<p>Es esencial <strong>diferenciar la somniloquia de otros trastornos del sue\u00f1o<\/strong>, como el sonambulismo o los <a href=\"\/\/salud\/terrores-nocturnos-sintomas-y-causas\/\" target=\"_blank\" rel=\"noreferrer noopener\"><strong>terrores nocturnos<\/strong><\/a>. Mientras que la somniloquia es inofensiva, otras parasomnias s\u00ed tienen implicaciones m\u00e1s graves.<\/p>\n\n\n\n<p>Sin embargo, hablar en sue\u00f1os puede <strong>reducir la calidad de nuestro descanso<\/strong>. En este sentido, existen algunos <strong>consejos para evitar la somniloquia<\/strong>:<\/p>\n\n\n\n<ul>\n<li><strong>Buena <\/strong><a href=\"https:\/\/www.elsevier.com\/es-es\/connect\/los-10-mandamientos-de-la-higiene-del-sueno-para-adultos-por-la-world-sleep-society\" target=\"_blank\" rel=\"noreferrer noopener\"><strong>higiene del sue\u00f1o<\/strong><\/a>: mantener un <strong>horario regular de sue\u00f1o<\/strong> y evitar situaciones estresantes antes de acostarse puede ayudar a minimizar la somniloquia.<\/li>\n\n\n\n<li><strong>Ejercicios de relajaci\u00f3n<\/strong>: pr\u00e1cticas como la meditaci\u00f3n o la respiraci\u00f3n profunda pueden contribuir a reducir la frecuencia de los episodios de hablar en sue\u00f1os.<\/li>\n\n\n\n<li><strong>Evitar factores desencadenantes<\/strong>: el <strong>consumo de alcohol<\/strong>, las <strong>digestiones pesadas<\/strong> o la <strong>privaci\u00f3n de sue\u00f1o<\/strong> pueden aumentar la incidencia de la somniloquia.<\/li>\n<\/ul>\n\n\n\n<p>En definitiva, <strong>hablar en sue\u00f1os no es un problema de salud como ta<\/strong>l. A pesar de todo, en el caso de que hablar en sue\u00f1os no permitiese un correcto descanso, se recomienda la <strong>consulta con un especialista<\/strong>.<\/p>\n\n\n\n<div class=\"wp-block-stackable-icon-box stk-block-icon-box stk-block stk-9778e03 stk-block-background\" data-v=\"2\" data-block-id=\"9778e03\"><style>.stk-9778e03{background-color:#efeee9 !important}.stk-9778e03:before{background-color:#efeee9 !important}<\/style><div class=\"stk-block-content stk-inner-blocks stk-block-icon-box__content stk-container stk-9778e03-container stk--no-background stk--no-padding\">\n<div class=\"wp-block-stackable-icon-label stk-block-icon-label stk-block stk-fdd9455\" data-block-id=\"fdd9455\"><div class=\"stk-row stk-inner-blocks stk-block-content\">\n<div class=\"wp-block-stackable-icon stk-block-icon has-text-align-left stk-block stk-bf36c07\" data-block-id=\"bf36c07\"><style>.stk-bf36c07 .stk--svg-wrapper .stk--inner-svg svg:last-child,.stk-bf36c07 .stk--svg-wrapper .stk--inner-svg svg:last-child :is(g,path,rect,polygon,ellipse){fill:#085086 !important}<\/style><span class=\"stk--svg-wrapper\"><div class=\"stk--inner-svg\"><svg style=\"height:0;width:0\"><defs><linearGradient id=\"linear-gradient-bf36c07\" x1=\"0\" x2=\"100%\" y1=\"0\" y2=\"0\"><stop offset=\"0%\" style=\"stop-opacity:1;stop-color:var(--linear-gradient-bf-36-c-07-color-1)\"><\/stop><stop offset=\"100%\" style=\"stop-opacity:1;stop-color:var(--linear-gradient-bf-36-c-07-color-2)\"><\/stop><\/linearGradient><\/defs><\/svg><svg xmlns=\"http:\/\/www.w3.org\/2000\/svg\" viewBox=\"0 0 512 512\" aria-hidden=\"true\" width=\"32\" height=\"32\"><path d=\"M478.21 334.093L336 256l142.21-78.093c11.795-6.477 15.961-21.384 9.232-33.037l-19.48-33.741c-6.728-11.653-21.72-15.499-33.227-8.523L296 186.718l3.475-162.204C299.763 11.061 288.937 0 275.48 0h-38.96c-13.456 0-24.283 11.061-23.994 24.514L216 186.718 77.265 102.607c-11.506-6.976-26.499-3.13-33.227 8.523l-19.48 33.741c-6.728 11.653-2.562 26.56 9.233 33.037L176 256 33.79 334.093c-11.795 6.477-15.961 21.384-9.232 33.037l19.48 33.741c6.728 11.653 21.721 15.499 33.227 8.523L216 325.282l-3.475 162.204C212.237 500.939 223.064 512 236.52 512h38.961c13.456 0 24.283-11.061 23.995-24.514L296 325.282l138.735 84.111c11.506 6.976 26.499 3.13 33.227-8.523l19.48-33.741c6.728-11.653 2.563-26.559-9.232-33.036z\"><\/path><\/svg><\/div><\/span><\/div>\n\n\n\n<div class=\"wp-block-stackable-heading stk-block-heading stk-block-heading--v2 stk-block stk-b944d37\" id=\"recuerda\" data-block-id=\"b944d37\"><h4 class=\"stk-block-heading__text\">Recuerda<\/h4><\/div>\n<\/div><\/div>\n\n\n\n<div class=\"wp-block-stackable-heading stk-block-heading stk-block-heading--v2 stk-block stk-8fdaf0b\" id=\"hablar-en-suenos-o-somniloquia-es-un-fenomeno-comun-que-afecta-al-66-de-la-poblacion-en-algun-momento-de-su-vida\" data-block-id=\"8fdaf0b\"><style>.stk-8fdaf0b{margin-bottom:12px !important}<\/style><h5 class=\"stk-block-heading__text\">Hablar en sue\u00f1os, o somniloquia, es un fen\u00f3meno com\u00fan que afecta al 66% de la poblaci\u00f3n en alg\u00fan momento de su vida.<\/h5><\/div>\n\n\n\n<div class=\"wp-block-stackable-heading stk-block-heading stk-block-heading--v2 stk-block stk-cc58323\" id=\"la-explicacion-de-este-comportamiento-radica-en-las-complejas-fases-del-sueno-y-la-conexion-entre-la-actividad-cerebral-y-la-expresion-verbal-durante-el-sueno-rem\" data-block-id=\"cc58323\"><style>.stk-cc58323{margin-bottom:12px !important}<\/style><h5 class=\"stk-block-heading__text\">La explicaci\u00f3n de este comportamiento radica en las complejas fases del sue\u00f1o y la conexi\u00f3n entre la actividad cerebral y la expresi\u00f3n verbal durante el sue\u00f1o REM.<\/h5><\/div>\n\n\n\n<div class=\"wp-block-stackable-heading stk-block-heading stk-block-heading--v2 stk-block stk-1201dce\" id=\"la-explicacion-de-este-comportamiento-radica-en-las-complejas-fases-del-sueno-y-la-conexion-entre-la-actividad-cerebral-y-la-expresion-verbal-durante-el-sueno-rem\" data-block-id=\"1201dce\"><h5 class=\"stk-block-heading__text\">La explicaci\u00f3n de este comportamiento radica en las complejas fases del sue\u00f1o y la conexi\u00f3n entre la actividad cerebral y la expresi\u00f3n verbal durante el sue\u00f1o REM.<\/h5><\/div>\n<\/div><\/div>\n","protected":false},"excerpt":{"rendered":"<p>Hablar en sue\u00f1os es m\u00e1s com\u00fan de lo que parece: se calcula que cerca del 66% de la poblaci\u00f3n lo ha hecho alguna vez. Este fen\u00f3meno se conoce como somniloquia, que se caracteriza por la emisi\u00f3n de sonidos verbales con poco contenido sem\u00e1ntico. Es decir, palabras aisladas o frases cortas, a menudo, vinculadas a los &#8230; <\/p>\n<p class=\"read-more-container\"><a title=\"\u00bfPor qu\u00e9 algunas personas tienden a hablar en sue\u00f1os?\" class=\"read-more button\" href=\"\/blog\/salud\/por-que-algunas-personas-hablar-en-suenos\/#more-14763\" aria-label=\"Leer m\u00e1s sobre \u00bfPor qu\u00e9 algunas personas tienden a hablar en sue\u00f1os?\">Leer m\u00e1s<\/a><\/p>\n","protected":false},"author":8,"featured_media":14765,"comment_status":"closed","ping_status":"closed","sticky":false,"template":"","format":"standard","meta":{"_coblocks_attr":"","_coblocks_dimensions":"","_coblocks_responsive_height":"","_coblocks_accordion_ie_support":"","om_disable_all_campaigns":false,"_uf_show_specific_survey":0,"_uf_disable_surveys":false,"twitterCardType":"","cardImageID":0,"cardImage":"","cardTitle":"","cardDesc":"","cardImageAlt":"","cardPlayer":"","cardPlayerWidth":0,"cardPlayerHeight":0,"cardPlayerStream":"","cardPlayerCodec":"","footnotes":""},"categories":[3,81],"tags":[],"aioseo_notices":[],"featured_image_src":"\/blog\/wp-content\/uploads\/2024\/02\/hablar-en-suenos-600x400.jpg","featured_image_src_square":"\/blog\/wp-content\/uploads\/2024\/02\/hablar-en-suenos-600x600.jpg","author_info":{"display_name":"ASISA","author_link":"\/blog\/author\/laragsoto\/"},"_links":{"self":[{"href":"\/blog\/wp-json\/wp\/v2\/posts\/14763"}],"collection":[{"href":"\/blog\/wp-json\/wp\/v2\/posts"}],"about":[{"href":"\/blog\/wp-json\/wp\/v2\/types\/post"}],"author":[{"embeddable":true,"href":"\/blog\/wp-json\/wp\/v2\/users\/8"}],"replies":[{"embeddable":true,"href":"\/blog\/wp-json\/wp\/v2\/comments?post=14763"}],"version-history":[{"count":2,"href":"\/blog\/wp-json\/wp\/v2\/posts\/14763\/revisions"}],"predecessor-version":[{"id":15117,"href":"\/blog\/wp-json\/wp\/v2\/posts\/14763\/revisions\/15117"}],"wp:featuredmedia":[{"embeddable":true,"href":"\/blog\/wp-json\/wp\/v2\/media\/14765"}],"wp:attachment":[{"href":"\/blog\/wp-json\/wp\/v2\/media?parent=14763"}],"wp:term":[{"taxonomy":"category","embeddable":true,"href":"\/blog\/wp-json\/wp\/v2\/categories?post=14763"},{"taxonomy":"post_tag","embeddable":true,"href":"\/blog\/wp-json\/wp\/v2\/tags?post=14763"}],"curies":[{"name":"wp","href":"https:\/\/api.w.org\/{rel}","templated":true}]}}