{"id":14688,"date":"2024-01-16T12:24:25","date_gmt":"2024-01-16T10:24:25","guid":{"rendered":"https:\/\/www.blogdeasisa.es\/?p=14688"},"modified":"2024-04-08T17:57:30","modified_gmt":"2024-04-08T15:57:30","slug":"cuales-causas-del-paladar-inflamado","status":"publish","type":"post","link":"\/blog\/salud\/cuales-causas-del-paladar-inflamado\/","title":{"rendered":"\u00bfTienes el paladar inflamado? Estas son sus causas"},"content":{"rendered":"\n<p>El <strong>paladar<\/strong> es la <strong>parte superior de la boca<\/strong> que divide la cavidad oral de la nasal. Su existencia es clave para <strong>realizar la masticaci\u00f3n y la degluci\u00f3n de forma correcta<\/strong>. Sin embargo, en ocasiones puede experimentar una afecci\u00f3n conocida como <strong>paladar inflamado<\/strong>.<\/p>\n\n\n\n<div class=\"wp-block-stackable-heading stk-block-heading stk-block stk-3586d83\" id=\"strong-que-causa-el-paladar-inflamado-strong\" data-block-id=\"3586d83\"><h2 class=\"stk-block-heading__text\"><strong>\u00bfQu\u00e9 causa el paladar inflamado?<\/strong><\/h2><\/div>\n\n\n\n<p>El paladar inflamado puede ser el <strong>resultado de diversas causas<\/strong>, algunas m\u00e1s comunes que otras. Estas son algunas de ellas:<\/p>\n\n\n\n<ul>\n<li><strong>Aftas y herpes labiales<\/strong>: las \u00falceras bucales pueden provocar inflamaci\u00f3n en el paladar. Estas afecciones, generalmente causadas por virus e infecciones, son comunes y f\u00e1cilmente tratables.<\/li>\n\n\n\n<li><strong>Traumatismos y alimentos calientes<\/strong>: el paladar puede inflamarse debido a <strong>heridas o traumatismos causados por alimentos duros o muy calientes<\/strong>.<\/li>\n\n\n\n<li><strong>Candidiasis bucal<\/strong>: la candidiasis, una <strong>infecci\u00f3n f\u00fangica<\/strong>, puede causar inflamaci\u00f3n, especialmente en personas con sistemas inmunol\u00f3gicos comprometidos o en tratamiento con antibi\u00f3ticos.<\/li>\n\n\n\n<li><strong>Deshidrataci\u00f3n<\/strong>: la falta de hidrataci\u00f3n adecuada puede llevar a la <strong>sequedad en la boca<\/strong> y, eventualmente, a la inflamaci\u00f3n del paladar.<\/li>\n\n\n\n<li><strong>Enfermedades autoinmunes<\/strong>: los <strong>brotes<\/strong> de enfermedades autoinmunes tambi\u00e9n pueden afectar al paladar, provocando su inflamaci\u00f3n.<\/li>\n<\/ul>\n\n\n\n<p>Adem\u00e1s, se ha demostrado que el <a href=\"https:\/\/onlinelibrary.wiley.com\/doi\/abs\/10.1111\/add.15513\" target=\"_blank\" rel=\"noreferrer noopener\"><strong>tabaco<\/strong><\/a> puede afectar gravemente a nuestra salud oral y, en el caso del paladar, puede causar su inflamaci\u00f3n.<\/p>\n\n\n\n<div class=\"wp-block-stackable-heading stk-block-heading stk-block stk-01a1279\" id=\"strong-4-sintomas-del-paladar-inflamado-strong\" data-block-id=\"01a1279\"><h2 class=\"stk-block-heading__text\"><strong>4 s\u00edntomas del paladar inflamado<\/strong><\/h2><\/div>\n\n\n\n<p>Identificar los <strong>s\u00edntomas del paladar inflamado<\/strong> es clave para abordar la afecci\u00f3n a tiempo. Aqu\u00ed te presentamos 4 signos clave a los que debes prestar atenci\u00f3n:<\/p>\n\n\n\n<ol type=\"1\">\n<li><strong>Dolor en el paladar<\/strong>: el dolor en la parte superior de la boca es un <strong>s\u00edntoma evidente de paladar inflamado<\/strong>. La <strong>intensidad<\/strong> puede variar.<\/li>\n\n\n\n<li><strong>Enrojecimiento e hinchaz\u00f3n<\/strong>: el paladar puede volverse rojo e inflamarse, <strong>dificultando la masticaci\u00f3n y la degluci\u00f3n<\/strong>.<\/li>\n\n\n\n<li><strong>Aparici\u00f3n de llagas<\/strong>: en algunos casos, pueden aparecer llagas y heridas en el paladar, aumentando la incomodidad de esta afecci\u00f3n.<\/li>\n\n\n\n<li><strong>Sensaci\u00f3n de ardor o picaz\u00f3n<\/strong>: algunas personas experimentan una sensaci\u00f3n de calor y picor en el paladar cuando est\u00e1 inflamado.<\/li>\n<\/ol>\n\n\n\n<p>Por \u00faltimo, como consecuencia de la infecci\u00f3n, muchas veces las personas con el paladar inflamado pueden presentar <strong>mal aliento<\/strong>.<\/p>\n\n\n\n<div class=\"wp-block-stackable-heading stk-block-heading stk-block stk-b057c4c\" id=\"strong-consejos-para-cuidar-el-paladar-strong\" data-block-id=\"b057c4c\"><h2 class=\"stk-block-heading__text\"><strong>Consejos para cuidar el paladar<\/strong><\/h2><\/div>\n\n\n\n<p>Un <strong>buen cuidado del paladar<\/strong> es esencial para <strong>prevenir la inflamaci\u00f3n o mejorar su evoluci\u00f3n<\/strong>. Estos son algunos consejos pr\u00e1cticos \u00fatiles para mantener la buena salud del paladar:<\/p>\n\n\n\n<ul>\n<li><strong>Mantener una buena higiene bucal<\/strong>: una buena higiene oral es sin\u00f3nimo de un paladar sano. Recuerda usar un <strong>cepillo de dientes adecuado<\/strong>, <strong>limpia correctamente la lengua<\/strong> y emplea <strong>enjuagues bucales<\/strong>.<\/li>\n\n\n\n<li><strong>Tener cuidado a la hora de comer<\/strong>: evita <strong>alimentos demasiado picantes<\/strong> que puedan irritar el paladar. Adem\u00e1s, se recomienda esperar unos minutos tras el emplatado para <strong>reducir la temperatura de la comida<\/strong>, previniendo quemaduras.<\/li>\n\n\n\n<li><strong>Abandona los h\u00e1bitos perjudiciales<\/strong>: elimina el <strong>consumo de tabaco y de alcohol<\/strong> para evitar posibles quemaduras y deshidrataci\u00f3n.<\/li>\n\n\n\n<li><strong>Ojo con el estr\u00e9s<\/strong>: el estr\u00e9s tiene la capacidad de desencadenar llagas y otros problemas bucales. Existen muchas <a href=\"\/\/salud\/podemos-gestionar-estres-la-ansiedad\/\" target=\"_blank\" rel=\"noreferrer noopener\">t\u00e9cnicas para manejar el estr\u00e9s y la ansiedad<\/a>.<\/li>\n<\/ul>\n\n\n\n<p>De este modo, podr\u00e1s <strong>mantener tu paladar en condiciones \u00f3ptimas<\/strong> y <strong>prevenir la inflamaci\u00f3n<\/strong>. Recuerda que, ante cualquier preocupaci\u00f3n persistente, es crucial <strong>consultar a un profesional de la salud bucal<\/strong> para un diagn\u00f3stico y tratamiento adecuados.<\/p>\n\n\n\n<div class=\"wp-block-stackable-icon-box stk-block-icon-box stk-block stk-cc5d1c0\" data-block-id=\"cc5d1c0\"><style>.stk-cc5d1c0-container{background-color:#efeee9 !important}.stk-cc5d1c0-container:before{background-color:#efeee9 !important}<\/style><div class=\"stk-block-content stk-inner-blocks stk-block-icon-box__content stk-container stk-cc5d1c0-container stk-hover-parent\">\n<div class=\"wp-block-stackable-icon-label stk-block-icon-label stk-block stk-8fdff40\" data-block-id=\"8fdff40\"><div class=\"stk-row stk-inner-blocks stk-block-content\">\n<div class=\"wp-block-stackable-icon stk-block-icon has-text-align-left stk-block stk-dd0eb37\" data-block-id=\"dd0eb37\"><style>.stk-dd0eb37 .stk--svg-wrapper .stk--inner-svg svg:last-child,.stk-dd0eb37 .stk--svg-wrapper .stk--inner-svg svg:last-child :is(g,path,rect,polygon,ellipse){fill:#085086 !important}<\/style><span class=\"stk--svg-wrapper\"><div class=\"stk--inner-svg\"><svg style=\"height:0;width:0\"><defs><linearGradient id=\"linear-gradient-dd0eb37\" x1=\"0\" x2=\"100%\" y1=\"0\" y2=\"0\"><stop offset=\"0%\" style=\"stop-opacity:1;stop-color:var(--linear-gradient-dd-0-eb-37-color-1)\"><\/stop><stop offset=\"100%\" style=\"stop-opacity:1;stop-color:var(--linear-gradient-dd-0-eb-37-color-2)\"><\/stop><\/linearGradient><\/defs><\/svg><svg aria-hidden=\"true\" focusable=\"false\" data-prefix=\"fas\" data-icon=\"asterisk\" class=\"svg-inline--fa fa-asterisk fa-w-16\" xmlns=\"http:\/\/www.w3.org\/2000\/svg\" viewBox=\"0 0 512 512\" width=\"32\" height=\"32\"><path fill=\"currentColor\" d=\"M478.21 334.093L336 256l142.21-78.093c11.795-6.477 15.961-21.384 9.232-33.037l-19.48-33.741c-6.728-11.653-21.72-15.499-33.227-8.523L296 186.718l3.475-162.204C299.763 11.061 288.937 0 275.48 0h-38.96c-13.456 0-24.283 11.061-23.994 24.514L216 186.718 77.265 102.607c-11.506-6.976-26.499-3.13-33.227 8.523l-19.48 33.741c-6.728 11.653-2.562 26.56 9.233 33.037L176 256 33.79 334.093c-11.795 6.477-15.961 21.384-9.232 33.037l19.48 33.741c6.728 11.653 21.721 15.499 33.227 8.523L216 325.282l-3.475 162.204C212.237 500.939 223.064 512 236.52 512h38.961c13.456 0 24.283-11.061 23.995-24.514L296 325.282l138.735 84.111c11.506 6.976 26.499 3.13 33.227-8.523l19.48-33.741c6.728-11.653 2.563-26.559-9.232-33.036z\"><\/path><\/svg><\/div><\/span><\/div>\n\n\n\n<div class=\"wp-block-stackable-heading stk-block-heading stk-block stk-33f377c\" id=\"recuerda\" data-block-id=\"33f377c\"><h4 class=\"stk-block-heading__text\">Recuerda<\/h4><\/div>\n<\/div><\/div>\n\n\n\n<div class=\"wp-block-stackable-heading stk-block-heading stk-block stk-bb99883\" id=\"el-cerebro-es-el-organo-mas-complejo-del-cuerpo-humano-debido-a-que-es-el-que-controla-el-resto-de-los-organos\" data-block-id=\"bb99883\"><style>.stk-bb99883{margin-bottom:0px !important}<\/style><h5 class=\"stk-block-heading__text\">El paladar es la parte superior de la boca, y su existencia es imprescindible para realizar correctamente la masticaci\u00f3n y la degluci\u00f3n.<\/h5><\/div>\n\n\n\n<div class=\"wp-block-stackable-heading stk-block-heading stk-block stk-962ad5b\" id=\"en-ocasiones-el-paladar-puede-inflamarse-por-multiples-motivos-las-lesiones-las-candidiasis-orales-o-la-deshidratacion-son-algunas-de-ellas\" data-block-id=\"962ad5b\"><style>.stk-962ad5b{margin-bottom:0px !important}<\/style><h5 class=\"stk-block-heading__text\">En ocasiones, el paladar puede inflamarse por m\u00faltiples motivos: las lesiones, las candidiasis orales o la deshidrataci\u00f3n son algunas de ellas.<\/h5><\/div>\n\n\n\n<div class=\"wp-block-stackable-heading stk-block-heading stk-block stk-ac9fffa\" id=\"ademas-de-conocer-los-sintomas-del-paladar-inflamado-es-esencial-saber-llevar-a-cabo-un-buen-cuidado-del-paladar-y-de-nuestra-boca-en-general-tes\" data-block-id=\"ac9fffa\"><style>.stk-ac9fffa{margin-bottom:0px !important}<\/style><h5 class=\"stk-block-heading__text\">Adem\u00e1s de conocer los s\u00edntomas del paladar inflamado, es esencial saber llevar a cabo un buen cuidado del paladar y de nuestra boca en general.tes.<\/h5><\/div>\n<\/div><\/div>\n","protected":false},"excerpt":{"rendered":"<p>El paladar es la parte superior de la boca que divide la cavidad oral de la nasal. Su existencia es clave para realizar la masticaci\u00f3n y la degluci\u00f3n de forma correcta. Sin embargo, en ocasiones puede experimentar una afecci\u00f3n conocida como paladar inflamado. \u00bfQu\u00e9 causa el paladar inflamado? El paladar inflamado puede ser el resultado &#8230; <\/p>\n<p class=\"read-more-container\"><a title=\"\u00bfTienes el paladar inflamado? Estas son sus causas\" class=\"read-more button\" href=\"\/blog\/salud\/cuales-causas-del-paladar-inflamado\/#more-14688\" aria-label=\"Leer m\u00e1s sobre \u00bfTienes el paladar inflamado? Estas son sus causas\">Leer m\u00e1s<\/a><\/p>\n","protected":false},"author":8,"featured_media":14691,"comment_status":"closed","ping_status":"closed","sticky":false,"template":"","format":"standard","meta":{"_coblocks_attr":"","_coblocks_dimensions":"","_coblocks_responsive_height":"","_coblocks_accordion_ie_support":"","om_disable_all_campaigns":false,"_uf_show_specific_survey":0,"_uf_disable_surveys":false,"twitterCardType":"","cardImageID":0,"cardImage":"","cardTitle":"","cardDesc":"","cardImageAlt":"","cardPlayer":"","cardPlayerWidth":0,"cardPlayerHeight":0,"cardPlayerStream":"","cardPlayerCodec":"","footnotes":""},"categories":[3,296],"tags":[174],"aioseo_notices":[],"featured_image_src":"\/blog\/wp-content\/uploads\/2024\/01\/paladar-inflamado--600x400.jpg","featured_image_src_square":"\/blog\/wp-content\/uploads\/2024\/01\/paladar-inflamado--600x600.jpg","author_info":{"display_name":"ASISA","author_link":"\/blog\/author\/laragsoto\/"},"_links":{"self":[{"href":"\/blog\/wp-json\/wp\/v2\/posts\/14688"}],"collection":[{"href":"\/blog\/wp-json\/wp\/v2\/posts"}],"about":[{"href":"\/blog\/wp-json\/wp\/v2\/types\/post"}],"author":[{"embeddable":true,"href":"\/blog\/wp-json\/wp\/v2\/users\/8"}],"replies":[{"embeddable":true,"href":"\/blog\/wp-json\/wp\/v2\/comments?post=14688"}],"version-history":[{"count":2,"href":"\/blog\/wp-json\/wp\/v2\/posts\/14688\/revisions"}],"predecessor-version":[{"id":14690,"href":"\/blog\/wp-json\/wp\/v2\/posts\/14688\/revisions\/14690"}],"wp:featuredmedia":[{"embeddable":true,"href":"\/blog\/wp-json\/wp\/v2\/media\/14691"}],"wp:attachment":[{"href":"\/blog\/wp-json\/wp\/v2\/media?parent=14688"}],"wp:term":[{"taxonomy":"category","embeddable":true,"href":"\/blog\/wp-json\/wp\/v2\/categories?post=14688"},{"taxonomy":"post_tag","embeddable":true,"href":"\/blog\/wp-json\/wp\/v2\/tags?post=14688"}],"curies":[{"name":"wp","href":"https:\/\/api.w.org\/{rel}","templated":true}]}}