{"id":14553,"date":"2023-12-07T14:52:55","date_gmt":"2023-12-07T12:52:55","guid":{"rendered":"https:\/\/www.blogdeasisa.es\/?p=14553"},"modified":"2023-12-07T14:52:57","modified_gmt":"2023-12-07T12:52:57","slug":"estos-son-los-5-mejores-mercadillos-navidenos-de-espana","status":"publish","type":"post","link":"\/blog\/viajes\/estos-son-los-5-mejores-mercadillos-navidenos-de-espana\/","title":{"rendered":"Estos son los 5 mejores mercadillos navide\u00f1os de Espa\u00f1a"},"content":{"rendered":"\n<p>Los <strong>mercadillos navide\u00f1os<\/strong> son una tradici\u00f3n muy arraigada en <strong>Europa central<\/strong>. No obstante, hace d\u00e9cadas que han conquistado los corazones espa\u00f1oles, convirti\u00e9ndose en aut\u00e9nticos imanes para locales y turistas.<\/p>\n\n\n\n<p>Estos mercadillos no solo nos sumergen en la <a href=\"\/\/familia\/5-actividades-en-familia-para-una-navidad-diferente\/\" target=\"_blank\" rel=\"noreferrer noopener\"><strong>magia de la Navidad<\/strong><\/a>, sino que tambi\u00e9n promueven el <strong>turismo nacional<\/strong>, ofreciendo destinos perfectos para escapadas en familia. Estos son los <strong>5 mejores mercadillos navide\u00f1os de Espa\u00f1a<\/strong> que merece la pena visitar.<\/p>\n\n\n\n<div class=\"wp-block-stackable-heading stk-block-heading stk-block stk-52706fc\" id=\"strong-mercado-de-navidad-de-la-plaza-mayor-madrid-strong\" data-block-id=\"52706fc\"><h2 class=\"stk-block-heading__text\"><strong>Mercado de Navidad de la Plaza Mayor (Madrid)<\/strong><\/h2><\/div>\n\n\n\n<p>La capital espa\u00f1ola se viste de gala durante las navidades, y su <strong>mercadillo de la Plaza Mayor<\/strong> es la joya de la corona. Con <strong>104 casetas<\/strong>, este mercado es el m\u00e1s grande y famoso de Madrid.<\/p>\n\n\n\n<p>Lo organiza la <strong>Asociaci\u00f3n del Mercado Tradicional Navide\u00f1o de la Plaza Mayor<\/strong>, y ofrece una amplia gama de productos. Desde belenes y adornos, es decir, lo habitual en estos mercadillos, hasta <strong>art\u00edculos de broma para el d\u00eda de los Santos Inocentes<\/strong>.<\/p>\n\n\n\n<p>Remont\u00e1ndonos al <strong>siglo XVII<\/strong>, este mercadillo ha evolucionado con el tiempo, manteniendo su <strong>encanto hist\u00f3rico<\/strong> y convirti\u00e9ndose en una <strong>tradici\u00f3n imprescindible<\/strong>.<\/p>\n\n\n\n<div class=\"wp-block-stackable-heading stk-block-heading stk-block stk-3794547\" id=\"strong-mercado-de-navidad-de-santa-lucia-barcelona-strong\" data-block-id=\"3794547\"><h2 class=\"stk-block-heading__text\"><strong>Mercado de Navidad de Santa Luc\u00eda (Barcelona)<\/strong><\/h2><\/div>\n\n\n\n<p>El barrio g\u00f3tico de Barcelona cobra vida durante la temporada navide\u00f1a con la <strong>Fira de Santa Ll\u00facia<\/strong>, uno de los mercados m\u00e1s antiguos de Espa\u00f1a, con 237 a\u00f1os de tradici\u00f3n.<\/p>\n\n\n\n<p>Rodeado por la majestuosa catedral de Santa Eulalia, este mercadillo navide\u00f1o ofrece <strong>sectores especializados en \u00e1rboles de Navidad<\/strong>, artesan\u00eda y figuras del bel\u00e9n, incluyendo el famoso <a href=\"https:\/\/www.barcelona.cat\/culturapopular\/es\/fiestas-y-tradiciones\/personajes-y-elementos-festivos\/caganer\" target=\"_blank\" rel=\"noreferrer noopener\"><strong>&#8216;caganer&#8217;<\/strong><\/a>. La instalaci\u00f3n de un <strong>&#8216;Ti\u00f3 de Nadal gigante&#8217; <\/strong>a\u00f1ade un toque \u00fanico a este mercado, donde la tradici\u00f3n catalana se mezcla con la magia de la Navidad.<\/p>\n\n\n\n<div class=\"wp-block-stackable-heading stk-block-heading stk-block stk-e078634\" id=\"strong-mercado-navideno-de-artesania-sevilla-strong\" data-block-id=\"e078634\"><h2 class=\"stk-block-heading__text\"><strong>Mercado Navide\u00f1o de Artesan\u00eda (Sevilla)<\/strong><\/h2><\/div>\n\n\n\n<p>La capital andaluza se engalana con el <strong>Mercado Navide\u00f1o de Artesan\u00eda<\/strong> en la Plaza Nueva, cerca de la catedral y la Giralda. Con <strong>80 casetas<\/strong>, este mercado destaca por la <strong>elaboraci\u00f3n propia de los artesanos<\/strong>, que exhiben cer\u00e1mica, figuritas para el bel\u00e9n, juguetes de madera y productos locales.<\/p>\n\n\n\n<p>Lo organiza la <strong>Federaci\u00f3n Artesanal de Sevilla<\/strong>, y es una oportunidad para descubrir la <strong>riqueza artesanal de la regi\u00f3n<\/strong> y llevarse a casa aut\u00e9nticas joyas navide\u00f1as.<\/p>\n\n\n\n<div class=\"wp-block-stackable-heading stk-block-heading stk-block stk-37c22c3\" id=\"strong-mercado-de-comercio-y-artesania-de-navidad-zaragoza-strong\" data-block-id=\"37c22c3\"><h2 class=\"stk-block-heading__text\"><strong>Mercado de Comercio y Artesan\u00eda de Navidad (Zaragoza)<\/strong><\/h2><\/div>\n\n\n\n<p>La <strong>Plaza del Pilar <\/strong>en <strong>Zaragoza<\/strong> se transforma, cada Navidad, en un impresionante mercadillo navide\u00f1o con <strong>40 casetas de artesan\u00eda y decoraci\u00f3n<\/strong>.<\/p>\n\n\n\n<p>Con uno de los <strong>belenes gigantes m\u00e1s grandes de Espa\u00f1a, de casi 2.500 metros cuadrados<\/strong>, este mercado ofrece una experiencia navide\u00f1a completa. Los visitantes pueden ver, adem\u00e1s, un <strong>\u00c1rbol de los Deseos<\/strong> y actividades para toda la familia, convirtiendo a Zaragoza en un destino inolvidable durante las festividades.<\/p>\n\n\n\n<div class=\"wp-block-stackable-heading stk-block-heading stk-block stk-7a4a4df\" id=\"strong-christmas-market-mallorca-strong\" data-block-id=\"7a4a4df\"><h2 class=\"stk-block-heading__text\"><strong>Christmas Market (Mallorca)<\/strong><\/h2><\/div>\n\n\n\n<p>\u00bfBuscas una <strong>experiencia m\u00e1s cercana a la que se vive en Europa central<\/strong>? El <strong>Christmas Market<\/strong> de Puerto Portals, en Mallorca, es para ti. Con <strong>m\u00e1s de 40 casetas de madera<\/strong> decoradas con luces y abetos, este mercado ofrece una amplia gama de productos navide\u00f1os.<\/p>\n\n\n\n<p>Adem\u00e1s de la oferta comercial, el mercado presenta actividades culturales como <strong>m\u00fasica en vivo<\/strong>, funciones <strong>teatrales<\/strong> y una <strong>pista de patinaje<\/strong>, brindando a los visitantes una experiencia navide\u00f1a completa. <strong><\/strong><\/p>\n\n\n\n<div class=\"wp-block-stackable-icon-box stk-block-icon-box stk-block stk-cc5d1c0\" data-block-id=\"cc5d1c0\"><style>.stk-cc5d1c0-container{background-color:#efeee9 !important}.stk-cc5d1c0-container:before{background-color:#efeee9 !important}<\/style><div class=\"stk-block-content stk-inner-blocks stk-block-icon-box__content stk-container stk-cc5d1c0-container stk-hover-parent\">\n<div class=\"wp-block-stackable-icon-label stk-block-icon-label stk-block stk-8fdff40\" data-block-id=\"8fdff40\"><div class=\"stk-row stk-inner-blocks stk-block-content\">\n<div class=\"wp-block-stackable-icon stk-block-icon has-text-align-left stk-block stk-dd0eb37\" data-block-id=\"dd0eb37\"><style>.stk-dd0eb37 .stk--svg-wrapper .stk--inner-svg svg:last-child,.stk-dd0eb37 .stk--svg-wrapper .stk--inner-svg svg:last-child :is(g,path,rect,polygon,ellipse){fill:#085086 !important}<\/style><span class=\"stk--svg-wrapper\"><div class=\"stk--inner-svg\"><svg style=\"height:0;width:0\"><defs><linearGradient id=\"linear-gradient-dd0eb37\" x1=\"0\" x2=\"100%\" y1=\"0\" y2=\"0\"><stop offset=\"0%\" style=\"stop-opacity:1;stop-color:var(--linear-gradient-dd-0-eb-37-color-1)\"><\/stop><stop offset=\"100%\" style=\"stop-opacity:1;stop-color:var(--linear-gradient-dd-0-eb-37-color-2)\"><\/stop><\/linearGradient><\/defs><\/svg><svg aria-hidden=\"true\" focusable=\"false\" data-prefix=\"fas\" data-icon=\"asterisk\" class=\"svg-inline--fa fa-asterisk fa-w-16\" xmlns=\"http:\/\/www.w3.org\/2000\/svg\" viewBox=\"0 0 512 512\" width=\"32\" height=\"32\"><path fill=\"currentColor\" d=\"M478.21 334.093L336 256l142.21-78.093c11.795-6.477 15.961-21.384 9.232-33.037l-19.48-33.741c-6.728-11.653-21.72-15.499-33.227-8.523L296 186.718l3.475-162.204C299.763 11.061 288.937 0 275.48 0h-38.96c-13.456 0-24.283 11.061-23.994 24.514L216 186.718 77.265 102.607c-11.506-6.976-26.499-3.13-33.227 8.523l-19.48 33.741c-6.728 11.653-2.562 26.56 9.233 33.037L176 256 33.79 334.093c-11.795 6.477-15.961 21.384-9.232 33.037l19.48 33.741c6.728 11.653 21.721 15.499 33.227 8.523L216 325.282l-3.475 162.204C212.237 500.939 223.064 512 236.52 512h38.961c13.456 0 24.283-11.061 23.995-24.514L296 325.282l138.735 84.111c11.506 6.976 26.499 3.13 33.227-8.523l19.48-33.741c6.728-11.653 2.563-26.559-9.232-33.036z\"><\/path><\/svg><\/div><\/span><\/div>\n\n\n\n<div class=\"wp-block-stackable-heading stk-block-heading stk-block stk-33f377c\" id=\"recuerda\" data-block-id=\"33f377c\"><h4 class=\"stk-block-heading__text\">Recuerda<\/h4><\/div>\n<\/div><\/div>\n\n\n\n<div class=\"wp-block-stackable-heading stk-block-heading stk-block stk-bb99883\" id=\"el-cerebro-es-el-organo-mas-complejo-del-cuerpo-humano-debido-a-que-es-el-que-controla-el-resto-de-los-organos\" data-block-id=\"bb99883\"><style>.stk-bb99883{margin-bottom:0px !important}<\/style><h5 class=\"stk-block-heading__text\">Los mercadillos navide\u00f1os, arraigados en Europa central, son ahora una tradici\u00f3n que ha conquistado el coraz\u00f3n de Espa\u00f1a, atrayendo tanto a locales como a turistas.<\/h5><\/div>\n\n\n\n<div class=\"wp-block-stackable-heading stk-block-heading stk-block stk-962ad5b\" id=\"desde-el-iconico-mercado-de-navidad-en-la-plaza-mayor-de-madrid-hasta-la-antigua-fira-de-santa-llucia-en-barcelona-estos-mercados-ofrecen-una-experiencia-navidena-unica\" data-block-id=\"962ad5b\"><style>.stk-962ad5b{margin-bottom:0px !important}<\/style><h5 class=\"stk-block-heading__text\">Desde el ic\u00f3nico Mercado de Navidad en la Plaza Mayor de Madrid hasta la antigua Fira de Santa Ll\u00facia en Barcelona, estos mercados ofrecen una experiencia navide\u00f1a \u00fanica.<\/h5><\/div>\n\n\n\n<div class=\"wp-block-stackable-heading stk-block-heading stk-block stk-ac9fffa\" id=\"sevilla-zaragoza-y-mallorca-tambien-se-suman-a-la-festividad-con-sus-mercados-de-navidad-cada-uno-aportando-su-encanto-regional\" data-block-id=\"ac9fffa\"><style>.stk-ac9fffa{margin-bottom:0px !important}<\/style><h5 class=\"stk-block-heading__text\">Sevilla, Zaragoza y Mallorca tambi\u00e9n se suman a la festividad con sus Mercados de Navidad, cada uno aportando su encanto regional.<\/h5><\/div>\n<\/div><\/div>\n","protected":false},"excerpt":{"rendered":"<p>Los mercadillos navide\u00f1os son una tradici\u00f3n muy arraigada en Europa central. No obstante, hace d\u00e9cadas que han conquistado los corazones espa\u00f1oles, convirti\u00e9ndose en aut\u00e9nticos imanes para locales y turistas. Estos mercadillos no solo nos sumergen en la magia de la Navidad, sino que tambi\u00e9n promueven el turismo nacional, ofreciendo destinos perfectos para escapadas en familia. &#8230; <\/p>\n<p class=\"read-more-container\"><a title=\"Estos son los 5 mejores mercadillos navide\u00f1os de Espa\u00f1a\" class=\"read-more button\" href=\"\/blog\/viajes\/estos-son-los-5-mejores-mercadillos-navidenos-de-espana\/#more-14553\" aria-label=\"Leer m\u00e1s sobre Estos son los 5 mejores mercadillos navide\u00f1os de Espa\u00f1a\">Leer m\u00e1s<\/a><\/p>\n","protected":false},"author":8,"featured_media":14556,"comment_status":"closed","ping_status":"closed","sticky":false,"template":"","format":"standard","meta":{"_coblocks_attr":"","_coblocks_dimensions":"","_coblocks_responsive_height":"","_coblocks_accordion_ie_support":"","om_disable_all_campaigns":false,"_uf_show_specific_survey":0,"_uf_disable_surveys":false,"twitterCardType":"","cardImageID":0,"cardImage":"","cardTitle":"","cardDesc":"","cardImageAlt":"","cardPlayer":"","cardPlayerWidth":0,"cardPlayerHeight":0,"cardPlayerStream":"","cardPlayerCodec":"","footnotes":""},"categories":[86,87],"tags":[174],"aioseo_notices":[],"featured_image_src":"\/blog\/wp-content\/uploads\/2023\/12\/Mercadillos-navidenos-600x400.jpg","featured_image_src_square":"\/blog\/wp-content\/uploads\/2023\/12\/Mercadillos-navidenos-600x600.jpg","author_info":{"display_name":"ASISA","author_link":"\/blog\/author\/laragsoto\/"},"_links":{"self":[{"href":"\/blog\/wp-json\/wp\/v2\/posts\/14553"}],"collection":[{"href":"\/blog\/wp-json\/wp\/v2\/posts"}],"about":[{"href":"\/blog\/wp-json\/wp\/v2\/types\/post"}],"author":[{"embeddable":true,"href":"\/blog\/wp-json\/wp\/v2\/users\/8"}],"replies":[{"embeddable":true,"href":"\/blog\/wp-json\/wp\/v2\/comments?post=14553"}],"version-history":[{"count":2,"href":"\/blog\/wp-json\/wp\/v2\/posts\/14553\/revisions"}],"predecessor-version":[{"id":14555,"href":"\/blog\/wp-json\/wp\/v2\/posts\/14553\/revisions\/14555"}],"wp:featuredmedia":[{"embeddable":true,"href":"\/blog\/wp-json\/wp\/v2\/media\/14556"}],"wp:attachment":[{"href":"\/blog\/wp-json\/wp\/v2\/media?parent=14553"}],"wp:term":[{"taxonomy":"category","embeddable":true,"href":"\/blog\/wp-json\/wp\/v2\/categories?post=14553"},{"taxonomy":"post_tag","embeddable":true,"href":"\/blog\/wp-json\/wp\/v2\/tags?post=14553"}],"curies":[{"name":"wp","href":"https:\/\/api.w.org\/{rel}","templated":true}]}}