{"id":14478,"date":"2023-11-14T17:13:34","date_gmt":"2023-11-14T15:13:34","guid":{"rendered":"https:\/\/www.blogdeasisa.es\/?p=14478"},"modified":"2023-11-14T18:56:51","modified_gmt":"2023-11-14T16:56:51","slug":"que-son-los-gases-de-efecto-invernadero","status":"publish","type":"post","link":"\/blog\/vida-sostenible\/que-son-los-gases-de-efecto-invernadero\/","title":{"rendered":"\u00bfQu\u00e9 son los gases de efecto invernadero?"},"content":{"rendered":"\n<figure class=\"wp-block-embed is-type-video is-provider-youtube wp-block-embed-youtube wp-embed-aspect-4-3 wp-has-aspect-ratio\"><div class=\"wp-block-embed__wrapper\">\n<iframe loading=\"lazy\" title=\"\u00bfQu\u00e9 son los gases de efecto invernadero?\" width=\"1200\" height=\"900\" src=\"https:\/\/www.youtube.com\/embed\/Fp_YhHZdZMI?feature=oembed\" frameborder=\"0\" allow=\"accelerometer; autoplay; clipboard-write; encrypted-media; gyroscope; picture-in-picture; web-share\" allowfullscreen><\/iframe>\n<\/div><\/figure>\n\n\n\n<p>Existe una <strong>\u201cmanta\u201d que cubre la Tierra<\/strong>, atrapando el calor del sol y manteni\u00e9ndonos c\u00e1lidos. Sin embargo, <strong>esta \u201cmanta\u201d es cada vez m\u00e1s gruesa<\/strong>, un fen\u00f3meno que contribuye, en gran medida, al <strong>cambio clim\u00e1tico<\/strong>. Pues bien, los hilos de esta \u201cmanta\u201d son lo que se conoce como <strong>gases de efecto invernadero<\/strong>.<\/p>\n\n\n\n<p>Como dice su nombre, los gases de efecto invernadero producen un efecto similar al que se experimenta en un invernadero. Es decir, <strong>las temperaturas en estas instalaciones son m\u00e1s extremas que en el exterior<\/strong>. La presencia de estos gases es esperada en nuestra atm\u00f3sfera. Sin embargo, <strong>su aumento descontrolado altera nuestros ecosistemas y puede suponer un riesgo<\/strong>.<\/p>\n\n\n\n<div class=\"wp-block-stackable-heading stk-block-heading stk-block stk-66e0d09\" id=\"strong-cuales-son-los-gases-de-efecto-invernadero-strong\" data-block-id=\"66e0d09\"><h2 class=\"stk-block-heading__text\"><strong>\u00bfCu\u00e1les son los gases de efecto invernadero?<\/strong><\/h2><\/div>\n\n\n\n<p>Como dec\u00edamos, la <strong>presencia en exceso<\/strong> de <a href=\"https:\/\/www.miteco.gob.es\/es\/calidad-y-evaluacion-ambiental\/temas\/sistema-espanol-de-inventario-sei-\/inventario-gei.html\" target=\"_blank\" rel=\"noreferrer noopener\"><strong>ciertos gases<\/strong><\/a> en nuestra atm\u00f3sfera es lo que provoca el efecto invernadero. Estos gases de efecto invernadero son:<\/p>\n\n\n\n<ul>\n<li><strong>Di\u00f3xido de carbono<\/strong>: este gas se libera, principalmente, a trav\u00e9s de la <strong>quema de combustibles f\u00f3siles<\/strong>. Tambi\u00e9n se libera al <strong>talar \u00e1rboles<\/strong> y <strong>deforestar \u00e1reas<\/strong>, ya que los \u00e1rboles absorben di\u00f3xido de carbono y lo almacenan. Sin ellos, el di\u00f3xido de carbono permanece en nuestro aire.<\/li>\n\n\n\n<li><strong>Metano<\/strong>: el metano se origina en fuentes como los <strong>vertederos<\/strong>, la <strong>ganader\u00eda<\/strong> y la <strong>producci\u00f3n de gas natural<\/strong>. Aunque su vida en la atm\u00f3sfera es m\u00e1s corta que la del di\u00f3xido de carbono, su capacidad para atrapar calor es mucho mayor.<\/li>\n\n\n\n<li><strong>\u00d3xido nitroso<\/strong>: este gas se produce a partir de las actividades <strong>agr\u00edcolas<\/strong>, la <strong>quema de combustibles f\u00f3siles<\/strong> y la <strong>industria qu\u00edmica<\/strong>. Aunque es menos com\u00fan que el di\u00f3xido de carbono, es mucho m\u00e1s potente en t\u00e9rminos de efecto invernadero.<\/li>\n\n\n\n<li><strong>Gases fluorados<\/strong>: se trata, entre otros, de los <strong>hidrofluorocarbonos<\/strong>. Se utilizan en <strong>aplicaciones industriales <\/strong>y de<strong> refrigeraci\u00f3n<\/strong>. A pesar de su baja presencia en la atm\u00f3sfera, son extremadamente efectivos en la captura de calor.<\/li>\n\n\n\n<li><strong>Ozono<\/strong>: en concreto, el <strong>ozono troposf\u00e9rico<\/strong>, que no debe confundirse con la capa de ozono, nace como resultado de complejas <strong>reacciones entre los contaminantes del aire<\/strong>.<\/li>\n<\/ul>\n\n\n\n<p>Otro importante gas de efecto invernadero es el <strong>vapor de agua<\/strong>, que es, adem\u00e1s, el m\u00e1s abundante del mundo. Sin embargo, <strong>su emisi\u00f3n no se debe a la actividad humana<\/strong> y, adem\u00e1s, no se conocen cu\u00e1les son exactamente sus efectos.<\/p>\n\n\n\n<div class=\"wp-block-stackable-heading stk-block-heading stk-block stk-63eae4e\" id=\"strong-6-formas-en-que-podemos-ayudar-a-reducirlos-strong\" data-block-id=\"63eae4e\"><h2 class=\"stk-block-heading__text\"><strong>6 formas en que podemos ayudar a reducirlos<\/strong><\/h2><\/div>\n\n\n\n<p>Por fortuna, existen algunas <strong>acciones<\/strong> que podemos incorporar a nuestra vida diaria para <strong>contribuir a la reducci\u00f3n de los gases de efecto invernadero<\/strong>. Estas son 6 de ellas:<\/p>\n\n\n\n<ol type=\"1\">\n<li><strong>Reducir el uso de veh\u00edculos con combustibles f\u00f3siles<\/strong>: elige <strong>medios de transporte m\u00e1s sostenibles<\/strong>. Caminar, andar en bicicleta o utilizar el transporte p\u00fablico&#8230; O, si es posible, adquiere un <a href=\"\/\/vida-sostenible\/coche-sostenible-cual-elegir\/\" target=\"_blank\" rel=\"noreferrer noopener\"><strong>veh\u00edculo h\u00edbrido o el\u00e9ctrico<\/strong><\/a>.<\/li>\n\n\n\n<li><strong>Ser eficientes energ\u00e9ticamente<\/strong>: en casa, utiliza <strong>bombillas de bajo consumo <\/strong>y <strong>electrodom\u00e9sticos eficientes<\/strong> desde el punto de vista energ\u00e9tico. Adem\u00e1s, <strong>aseg\u00farate de que tu hogar est\u00e9 bien aislado<\/strong> para reducir la necesidad de calefacci\u00f3n y refrigeraci\u00f3n.<\/li>\n\n\n\n<li><strong>Apostar por fuentes de energ\u00eda renovable<\/strong>: apoya la transici\u00f3n a <strong>fuentes de energ\u00eda renovable<\/strong>, como la solar y la e\u00f3lica. En este sentido, puedes considerar la <strong>instalaci\u00f3n de paneles solares en tu hogar<\/strong>.<\/li>\n\n\n\n<li><strong>Reducir, reutilizar y reciclar<\/strong>: minimiza los residuos que generas y recicla siempre que sea posible. La <strong>producci\u00f3n de desechos y su eliminaci\u00f3n<\/strong> contribuye a la emisi\u00f3n de gases de efecto invernadero.<\/li>\n\n\n\n<li><strong>Apoyar la conservaci\u00f3n de bosques<\/strong>: los bosques son la herramienta m\u00e1s \u00fatil para absorber el di\u00f3xido de carbono de la atm\u00f3sfera. Apoya <strong>iniciativas de conservaci\u00f3n forestal<\/strong> y <strong>evita la deforestaci\u00f3n<\/strong>.<\/li>\n\n\n\n<li><strong>Consumir con responsabilidad<\/strong>: elige <a href=\"\/\/vida-sostenible\/4-consejos-clave-para-comprar-productos-locales-o-de-proximidad\/\" target=\"_blank\" rel=\"noreferrer noopener\"><strong>productos con menor huella de carbono<\/strong><\/a>. Esto incluye alimentos de <strong>producci\u00f3n local y sostenible<\/strong>, as\u00ed como la <strong>reducci\u00f3n del consumo de carne y l\u00e1cteos<\/strong>.<\/li>\n<\/ol>\n\n\n\n<p>Adem\u00e1s, recuerda la importancia de dar a conocer en tu entorno las distintas formas de contribuir a reducir los gases de efecto invernadero. A nivel europeo, la <strong>Ley de Clima<\/strong> de la <strong>Uni\u00f3n Europea <\/strong>ha establecido que, <strong>para 2050, el territorio debe alcanzar cero emisiones netas<\/strong>. Nuestro papel para lograr este objetivo es clave.<\/p>\n\n\n\n<div class=\"wp-block-stackable-icon-box stk-block-icon-box stk-block stk-cc5d1c0\" data-block-id=\"cc5d1c0\"><style>.stk-cc5d1c0-container{background-color:#efeee9 !important}.stk-cc5d1c0-container:before{background-color:#efeee9 !important}<\/style><div class=\"stk-block-content stk-inner-blocks stk-block-icon-box__content stk-container stk-cc5d1c0-container stk-hover-parent\">\n<div class=\"wp-block-stackable-icon-label stk-block-icon-label stk-block stk-8fdff40\" data-block-id=\"8fdff40\"><div class=\"stk-row stk-inner-blocks stk-block-content\">\n<div class=\"wp-block-stackable-icon stk-block-icon has-text-align-left stk-block stk-dd0eb37\" data-block-id=\"dd0eb37\"><style>.stk-dd0eb37 .stk--svg-wrapper .stk--inner-svg svg:last-child,.stk-dd0eb37 .stk--svg-wrapper .stk--inner-svg svg:last-child :is(g,path,rect,polygon,ellipse){fill:#085086 !important}<\/style><span class=\"stk--svg-wrapper\"><div class=\"stk--inner-svg\"><svg style=\"height:0;width:0\"><defs><linearGradient id=\"linear-gradient-dd0eb37\" x1=\"0\" x2=\"100%\" y1=\"0\" y2=\"0\"><stop offset=\"0%\" style=\"stop-opacity:1;stop-color:var(--linear-gradient-dd-0-eb-37-color-1)\"><\/stop><stop offset=\"100%\" style=\"stop-opacity:1;stop-color:var(--linear-gradient-dd-0-eb-37-color-2)\"><\/stop><\/linearGradient><\/defs><\/svg><svg aria-hidden=\"true\" focusable=\"false\" data-prefix=\"fas\" data-icon=\"asterisk\" class=\"svg-inline--fa fa-asterisk fa-w-16\" xmlns=\"http:\/\/www.w3.org\/2000\/svg\" viewBox=\"0 0 512 512\" width=\"32\" height=\"32\"><path fill=\"currentColor\" d=\"M478.21 334.093L336 256l142.21-78.093c11.795-6.477 15.961-21.384 9.232-33.037l-19.48-33.741c-6.728-11.653-21.72-15.499-33.227-8.523L296 186.718l3.475-162.204C299.763 11.061 288.937 0 275.48 0h-38.96c-13.456 0-24.283 11.061-23.994 24.514L216 186.718 77.265 102.607c-11.506-6.976-26.499-3.13-33.227 8.523l-19.48 33.741c-6.728 11.653-2.562 26.56 9.233 33.037L176 256 33.79 334.093c-11.795 6.477-15.961 21.384-9.232 33.037l19.48 33.741c6.728 11.653 21.721 15.499 33.227 8.523L216 325.282l-3.475 162.204C212.237 500.939 223.064 512 236.52 512h38.961c13.456 0 24.283-11.061 23.995-24.514L296 325.282l138.735 84.111c11.506 6.976 26.499 3.13 33.227-8.523l19.48-33.741c6.728-11.653 2.563-26.559-9.232-33.036z\"><\/path><\/svg><\/div><\/span><\/div>\n\n\n\n<div class=\"wp-block-stackable-heading stk-block-heading stk-block stk-33f377c\" id=\"recuerda\" data-block-id=\"33f377c\"><h4 class=\"stk-block-heading__text\">Recuerda<\/h4><\/div>\n<\/div><\/div>\n\n\n\n<div class=\"wp-block-stackable-heading stk-block-heading stk-block stk-bb99883\" id=\"el-cerebro-es-el-organo-mas-complejo-del-cuerpo-humano-debido-a-que-es-el-que-controla-el-resto-de-los-organos\" data-block-id=\"bb99883\"><style>.stk-bb99883{margin-bottom:0px !important}<\/style><h5 class=\"stk-block-heading__text\">Los gases de efecto invernadero son unos de los mayores responsables del efecto invernadero y del cambio clim\u00e1tico.<\/h5><\/div>\n\n\n\n<div class=\"wp-block-stackable-heading stk-block-heading stk-block stk-962ad5b\" id=\"los-principales-gases-de-efecto-invernadero-son-el-dioxido-de-carbono-el-metano-el-oxido-nitroso-los-gases-fluorados-y-el-ozono-ademas-del-vapor-de-agua\" data-block-id=\"962ad5b\"><style>.stk-962ad5b{margin-bottom:0px !important}<\/style><h5 class=\"stk-block-heading__text\">Los principales gases de efecto invernadero son el di\u00f3xido de carbono, el metano, el \u00f3xido nitroso, los gases fluorados y el ozono, adem\u00e1s del vapor de agua.<\/h5><\/div>\n\n\n\n<div class=\"wp-block-stackable-heading stk-block-heading stk-block stk-ac9fffa\" id=\"para-reducir-estos-gases-podemos-tomar-algunas-medidas-sencillas-como-reducir-el-uso-de-vehiculos-de-gasolina-o-diesel\" data-block-id=\"ac9fffa\"><style>.stk-ac9fffa{margin-bottom:0px !important}<\/style><h5 class=\"stk-block-heading__text\">Para reducir estos gases, podemos tomar algunas medidas sencillas, como reducir el uso de veh\u00edculos de gasolina o di\u00e9sel.<\/h5><\/div>\n<\/div><\/div>\n","protected":false},"excerpt":{"rendered":"<p>Existe una \u201cmanta\u201d que cubre la Tierra, atrapando el calor del sol y manteni\u00e9ndonos c\u00e1lidos. Sin embargo, esta \u201cmanta\u201d es cada vez m\u00e1s gruesa, un fen\u00f3meno que contribuye, en gran medida, al cambio clim\u00e1tico. Pues bien, los hilos de esta \u201cmanta\u201d son lo que se conoce como gases de efecto invernadero. Como dice su nombre, &#8230; <\/p>\n<p class=\"read-more-container\"><a title=\"\u00bfQu\u00e9 son los gases de efecto invernadero?\" class=\"read-more button\" href=\"\/blog\/vida-sostenible\/que-son-los-gases-de-efecto-invernadero\/#more-14478\" aria-label=\"Leer m\u00e1s sobre \u00bfQu\u00e9 son los gases de efecto invernadero?\">Leer m\u00e1s<\/a><\/p>\n","protected":false},"author":8,"featured_media":14481,"comment_status":"closed","ping_status":"closed","sticky":false,"template":"","format":"standard","meta":{"_coblocks_attr":"","_coblocks_dimensions":"","_coblocks_responsive_height":"","_coblocks_accordion_ie_support":"","om_disable_all_campaigns":false,"_uf_show_specific_survey":0,"_uf_disable_surveys":false,"twitterCardType":"","cardImageID":0,"cardImage":"","cardTitle":"","cardDesc":"","cardImageAlt":"","cardPlayer":"","cardPlayerWidth":0,"cardPlayerHeight":0,"cardPlayerStream":"","cardPlayerCodec":"","footnotes":""},"categories":[89,90],"tags":[174],"aioseo_notices":[],"featured_image_src":"\/blog\/wp-content\/uploads\/2023\/11\/Gases-efecto-invernadero-600x400.jpg","featured_image_src_square":"\/blog\/wp-content\/uploads\/2023\/11\/Gases-efecto-invernadero-600x600.jpg","author_info":{"display_name":"ASISA","author_link":"\/blog\/author\/laragsoto\/"},"_links":{"self":[{"href":"\/blog\/wp-json\/wp\/v2\/posts\/14478"}],"collection":[{"href":"\/blog\/wp-json\/wp\/v2\/posts"}],"about":[{"href":"\/blog\/wp-json\/wp\/v2\/types\/post"}],"author":[{"embeddable":true,"href":"\/blog\/wp-json\/wp\/v2\/users\/8"}],"replies":[{"embeddable":true,"href":"\/blog\/wp-json\/wp\/v2\/comments?post=14478"}],"version-history":[{"count":2,"href":"\/blog\/wp-json\/wp\/v2\/posts\/14478\/revisions"}],"predecessor-version":[{"id":14480,"href":"\/blog\/wp-json\/wp\/v2\/posts\/14478\/revisions\/14480"}],"wp:featuredmedia":[{"embeddable":true,"href":"\/blog\/wp-json\/wp\/v2\/media\/14481"}],"wp:attachment":[{"href":"\/blog\/wp-json\/wp\/v2\/media?parent=14478"}],"wp:term":[{"taxonomy":"category","embeddable":true,"href":"\/blog\/wp-json\/wp\/v2\/categories?post=14478"},{"taxonomy":"post_tag","embeddable":true,"href":"\/blog\/wp-json\/wp\/v2\/tags?post=14478"}],"curies":[{"name":"wp","href":"https:\/\/api.w.org\/{rel}","templated":true}]}}