{"id":14366,"date":"2023-10-11T17:06:46","date_gmt":"2023-10-11T15:06:46","guid":{"rendered":"https:\/\/www.blogdeasisa.es\/?p=14366"},"modified":"2023-10-25T13:59:14","modified_gmt":"2023-10-25T11:59:14","slug":"estas-son-las-4-causas-de-ceguera-mas-comunes-en-espana","status":"publish","type":"post","link":"\/blog\/salud\/estas-son-las-4-causas-de-ceguera-mas-comunes-en-espana\/","title":{"rendered":"Estas son las 4 causas de ceguera m\u00e1s comunes en Espa\u00f1a"},"content":{"rendered":"\n<p>La <strong>vista<\/strong> es nuestro sentido m\u00e1s preciado, y con raz\u00f3n: <strong>a trav\u00e9s de ella recibimos el 80% de la informaci\u00f3n de nuestro entorno<\/strong>. Protegerla no solo pasa por <a href=\"\/\/salud\/bienestar\/conoce-los-mejores-alimentos-para-cuidar-la-vista\/\" target=\"_blank\" rel=\"noreferrer noopener\">cuidar nuestros ojos<\/a>, sino tambi\u00e9n por saber cu\u00e1les las <strong>causas de ceguera m\u00e1s comunes<\/strong> para reconocerlas a tiempo.<\/p>\n\n\n\n<p>Por este motivo, y aprovechando que hoy es el <strong>D\u00eda Mundial de la Visi\u00f3n<\/strong>, damos a conocer las <strong>4 principales causas de ceguera en Espa\u00f1a<\/strong>. Son el <strong>glaucoma<\/strong>, la <strong>degeneraci\u00f3n macular asociada a la edad (DMAE),<\/strong> la <strong>retinopat\u00eda diab\u00e9tica<\/strong> y la <strong>alta miop\u00eda<\/strong>.<\/p>\n\n\n\n<div class=\"wp-block-stackable-heading stk-block-heading stk-block stk-6cd6c5c\" id=\"strong-el-glaucoma-una-de-las-principales-causas-de-ceguera-strong\" data-block-id=\"6cd6c5c\"><h2 class=\"stk-block-heading__text\"><strong>El glaucoma, una de las principales causas de ceguera<\/strong><\/h2><\/div>\n\n\n\n<p>Se calcula que <strong>el glaucoma afecta a aproximadamente un 3% de la poblaci\u00f3n espa\u00f1ola<\/strong>. Esta enfermedad se caracteriza por un <strong>aumento de la presi\u00f3n intraocular, la cual provoca da\u00f1o en el nervio \u00f3ptico<\/strong>.<\/p>\n\n\n\n<p>El gran problema que supone esta patolog\u00eda es que <strong>suele ser asintom\u00e1tica en sus primeras fases<\/strong>. Por eso muchas personas <strong>no son conscientes de que la padecen hasta que la p\u00e9rdida de visi\u00f3n es significativa<\/strong>.<\/p>\n\n\n\n<p>En este sentido, la <strong>detecci\u00f3n temprana<\/strong> es fundamental para abordar el glaucoma a tiempo. A partir de los 40 a\u00f1os, y especialmente en personas con antecedentes familiares, se recomiendan las <strong>revisiones peri\u00f3dicas con el oftalm\u00f3logo<\/strong>.<\/p>\n\n\n\n<div class=\"wp-block-stackable-heading stk-block-heading stk-block stk-79edbed\" id=\"strong-la-degeneracion-macular-asociada-a-la-edad-dmae-strong\" data-block-id=\"79edbed\"><h2 class=\"stk-block-heading__text\"><strong>La degeneraci\u00f3n macular asociada a la edad (DMAE)<\/strong><\/h2><\/div>\n\n\n\n<p>La <strong>degeneraci\u00f3n macular asociada a la edad (DMAE)<\/strong> es una enfermedad que suele afectar a <strong>personas mayores de 65 a\u00f1os<\/strong>. Consiste en la <strong>degeneraci\u00f3n progresiva de la m\u00e1cula<\/strong>, la parte central de la retina y responsable de la <strong>visi\u00f3n n\u00edtida<\/strong>. No obstante, es importante saber que <strong>existen dos tipos de DMAE<\/strong>:<\/p>\n\n\n\n<ul>\n<li><strong>Seca o atr\u00f3fica<\/strong>: es la forma m\u00e1s com\u00fan, y se caracteriza por una <strong>evoluci\u00f3n lenta y gradual<\/strong>. Se desarrolla debido a la <strong>acumulaci\u00f3n de dep\u00f3sitos en la m\u00e1cula<\/strong>, lo que provoca su atrofia.<\/li>\n\n\n\n<li><strong>H\u00fameda o exudativa<\/strong>: es <strong>menos frecuente, pero m\u00e1s agresiva<\/strong>. Esta forma de DMAE implica el <strong>crecimiento de vasos sangu\u00edneos an\u00f3malos debajo de la retina<\/strong>. Estos vasos pueden sangrar y filtrar l\u00edquido, causando la p\u00e9rdida de visi\u00f3n.<\/li>\n<\/ul>\n\n\n\n<p>Los s\u00edntomas de la DMAE incluyen una <strong>disminuci\u00f3n progresiva de la visi\u00f3n central y la capacidad de ver detalles con claridad<\/strong>.<\/p>\n\n\n\n<div class=\"wp-block-stackable-heading stk-block-heading stk-block stk-412cd4d\" id=\"strong-la-retinopatia-diabetica-la-mayor-causa-de-ceguera-entre-diabeticos-strong\" data-block-id=\"412cd4d\"><h2 class=\"stk-block-heading__text\"><strong>La retinopat\u00eda diab\u00e9tica, la mayor causa de ceguera entre diab\u00e9ticos<\/strong><\/h2><\/div>\n\n\n\n<p>La retinopat\u00eda diab\u00e9tica es una <strong>complicaci\u00f3n ocular de la diabetes<\/strong> que puede provocar ceguera si no se controla adecuadamente. En esta enfermedad, <strong>la glucosa<\/strong> <strong>da\u00f1a los vasos sangu\u00edneos de la retina<\/strong>. Aunque en etapas iniciales suele ser asintom\u00e1tica, la retinopat\u00eda diab\u00e9tica se manifiesta con una <strong>disminuci\u00f3n de la agudeza visual<\/strong> y la <strong>distorsi\u00f3n de las im\u00e1genes<\/strong>.<\/p>\n\n\n\n<p>En conclusi\u00f3n, el <strong>control de la diabetes<\/strong> y las <strong>visitas regulares al oftalm\u00f3logo<\/strong> son fundamentales para la detecci\u00f3n temprana de la retinopat\u00eda diab\u00e9tica.<\/p>\n\n\n\n<div class=\"wp-block-stackable-heading stk-block-heading stk-block stk-c34a3dd\" id=\"strong-mas-alla-de-la-miopia-la-alta-miopia-strong\" data-block-id=\"c34a3dd\"><h2 class=\"stk-block-heading__text\"><strong>M\u00e1s all\u00e1 de la miop\u00eda: la alta miop\u00eda<\/strong><\/h2><\/div>\n\n\n\n<p>La <strong>miop\u00eda<\/strong>, o visi\u00f3n borrosa de lejos, es un problema com\u00fan. Sin embargo, cuando se vuelve extremadamente severa, se conoce como <strong>alta miop\u00eda<\/strong>. Los afectados con alta miop\u00eda experimentan <strong>dificultad para ver objetos distantes<\/strong> y, a menudo, deben <strong>entrecerrar los ojos para enfocar mejor<\/strong>.<\/p>\n\n\n\n<p>Adem\u00e1s, la alta miop\u00eda no solo puede provocar una grave discapacidad visual. Tambi\u00e9n <strong>aumenta el riesgo de otras enfermedades oculares<\/strong>, como el glaucoma o el <a href=\"https:\/\/www.oftalmoseo.com\/patologias-frecuentes-2\/desprendimiento-de-retina\/\" target=\"_blank\" rel=\"noreferrer noopener\"><strong>desprendimiento de retina<\/strong><\/a>. Por eso es importante que las personas con miop\u00eda acudan a sus <strong>revisiones oftalmol\u00f3gicas<\/strong> para proteger su visi\u00f3n.<\/p>\n\n\n\n<div class=\"wp-block-stackable-icon-box stk-block-icon-box stk-block stk-cc5d1c0\" data-block-id=\"cc5d1c0\"><style>.stk-cc5d1c0-container{background-color:#efeee9 !important}.stk-cc5d1c0-container:before{background-color:#efeee9 !important}<\/style><div class=\"stk-block-content stk-inner-blocks stk-block-icon-box__content stk-container stk-cc5d1c0-container stk-hover-parent\">\n<div class=\"wp-block-stackable-icon-label stk-block-icon-label stk-block stk-8fdff40\" data-block-id=\"8fdff40\"><div class=\"stk-row stk-inner-blocks stk-block-content\">\n<div class=\"wp-block-stackable-icon stk-block-icon has-text-align-left stk-block stk-dd0eb37\" data-block-id=\"dd0eb37\"><style>.stk-dd0eb37 .stk--svg-wrapper .stk--inner-svg svg:last-child,.stk-dd0eb37 .stk--svg-wrapper .stk--inner-svg svg:last-child :is(g,path,rect,polygon,ellipse){fill:#085086 !important}<\/style><span class=\"stk--svg-wrapper\"><div class=\"stk--inner-svg\"><svg style=\"height:0;width:0\"><defs><linearGradient id=\"linear-gradient-dd0eb37\" x1=\"0\" x2=\"100%\" y1=\"0\" y2=\"0\"><stop offset=\"0%\" style=\"stop-opacity:1;stop-color:var(--linear-gradient-dd-0-eb-37-color-1)\"><\/stop><stop offset=\"100%\" style=\"stop-opacity:1;stop-color:var(--linear-gradient-dd-0-eb-37-color-2)\"><\/stop><\/linearGradient><\/defs><\/svg><svg aria-hidden=\"true\" focusable=\"false\" data-prefix=\"fas\" data-icon=\"asterisk\" class=\"svg-inline--fa fa-asterisk fa-w-16\" xmlns=\"http:\/\/www.w3.org\/2000\/svg\" viewBox=\"0 0 512 512\" width=\"32\" height=\"32\"><path fill=\"currentColor\" d=\"M478.21 334.093L336 256l142.21-78.093c11.795-6.477 15.961-21.384 9.232-33.037l-19.48-33.741c-6.728-11.653-21.72-15.499-33.227-8.523L296 186.718l3.475-162.204C299.763 11.061 288.937 0 275.48 0h-38.96c-13.456 0-24.283 11.061-23.994 24.514L216 186.718 77.265 102.607c-11.506-6.976-26.499-3.13-33.227 8.523l-19.48 33.741c-6.728 11.653-2.562 26.56 9.233 33.037L176 256 33.79 334.093c-11.795 6.477-15.961 21.384-9.232 33.037l19.48 33.741c6.728 11.653 21.721 15.499 33.227 8.523L216 325.282l-3.475 162.204C212.237 500.939 223.064 512 236.52 512h38.961c13.456 0 24.283-11.061 23.995-24.514L296 325.282l138.735 84.111c11.506 6.976 26.499 3.13 33.227-8.523l19.48-33.741c6.728-11.653 2.563-26.559-9.232-33.036z\"><\/path><\/svg><\/div><\/span><\/div>\n\n\n\n<div class=\"wp-block-stackable-heading stk-block-heading stk-block stk-33f377c\" id=\"recuerda\" data-block-id=\"33f377c\"><h4 class=\"stk-block-heading__text\">Recuerda<\/h4><\/div>\n<\/div><\/div>\n\n\n\n<div class=\"wp-block-stackable-heading stk-block-heading stk-block stk-bb99883\" id=\"el-cerebro-es-el-organo-mas-complejo-del-cuerpo-humano-debido-a-que-es-el-que-controla-el-resto-de-los-organos\" data-block-id=\"bb99883\"><style>.stk-bb99883{margin-bottom:0px !important}<\/style><h5 class=\"stk-block-heading__text\">El 80% de la informaci\u00f3n sobre nuestro entorno proviene de un \u00fanico sentido: la vista.<\/h5><\/div>\n\n\n\n<div class=\"wp-block-stackable-heading stk-block-heading stk-block stk-962ad5b\" id=\"las-4-principales-causas-de-ceguera-en-espana-son-el-glaucoma-la-degeneracion-macular-asociada-a-la-edad-dmae-la-retinopatia-diabetica-y-la-alta-miopia\" data-block-id=\"962ad5b\"><style>.stk-962ad5b{margin-bottom:0px !important}<\/style><h5 class=\"stk-block-heading__text\">Las 4 principales causas de ceguera en Espa\u00f1a son el glaucoma, la degeneraci\u00f3n macular asociada a la edad (DMAE), la retinopat\u00eda diab\u00e9tica y la alta miop\u00eda.<\/h5><\/div>\n\n\n\n<div class=\"wp-block-stackable-heading stk-block-heading stk-block stk-ac9fffa\" id=\"las-revisiones-periodicas-con-el-oftalmologo-son-una-herramienta-clave-para-proteger-nuestra-vision-y-evitar-la-progresion-de-enfermedades-que-pueden-causar-ceguera\" data-block-id=\"ac9fffa\"><style>.stk-ac9fffa{margin-bottom:0px !important}<\/style><h5 class=\"stk-block-heading__text\">Las revisiones peri\u00f3dicas con el oftalm\u00f3logo son una herramienta clave para proteger nuestra visi\u00f3n y evitar la progresi\u00f3n de enfermedades que pueden causar ceguera..<\/h5><\/div>\n<\/div><\/div>\n","protected":false},"excerpt":{"rendered":"<p>La vista es nuestro sentido m\u00e1s preciado, y con raz\u00f3n: a trav\u00e9s de ella recibimos el 80% de la informaci\u00f3n de nuestro entorno. Protegerla no solo pasa por cuidar nuestros ojos, sino tambi\u00e9n por saber cu\u00e1les las causas de ceguera m\u00e1s comunes para reconocerlas a tiempo. Por este motivo, y aprovechando que hoy es el &#8230; <\/p>\n<p class=\"read-more-container\"><a title=\"Estas son las 4 causas de ceguera m\u00e1s comunes en Espa\u00f1a\" class=\"read-more button\" href=\"\/blog\/salud\/estas-son-las-4-causas-de-ceguera-mas-comunes-en-espana\/#more-14366\" aria-label=\"Leer m\u00e1s sobre Estas son las 4 causas de ceguera m\u00e1s comunes en Espa\u00f1a\">Leer m\u00e1s<\/a><\/p>\n","protected":false},"author":8,"featured_media":14369,"comment_status":"closed","ping_status":"closed","sticky":false,"template":"","format":"standard","meta":{"_coblocks_attr":"","_coblocks_dimensions":"","_coblocks_responsive_height":"","_coblocks_accordion_ie_support":"","om_disable_all_campaigns":false,"_uf_show_specific_survey":0,"_uf_disable_surveys":false,"twitterCardType":"","cardImageID":0,"cardImage":"","cardTitle":"","cardDesc":"","cardImageAlt":"","cardPlayer":"","cardPlayerWidth":0,"cardPlayerHeight":0,"cardPlayerStream":"","cardPlayerCodec":"","footnotes":""},"categories":[3,79,80],"tags":[174],"aioseo_notices":[],"featured_image_src":"\/blog\/wp-content\/uploads\/2023\/10\/causas-ceguera-600x400.jpg","featured_image_src_square":"\/blog\/wp-content\/uploads\/2023\/10\/causas-ceguera-600x600.jpg","author_info":{"display_name":"ASISA","author_link":"\/blog\/author\/laragsoto\/"},"_links":{"self":[{"href":"\/blog\/wp-json\/wp\/v2\/posts\/14366"}],"collection":[{"href":"\/blog\/wp-json\/wp\/v2\/posts"}],"about":[{"href":"\/blog\/wp-json\/wp\/v2\/types\/post"}],"author":[{"embeddable":true,"href":"\/blog\/wp-json\/wp\/v2\/users\/8"}],"replies":[{"embeddable":true,"href":"\/blog\/wp-json\/wp\/v2\/comments?post=14366"}],"version-history":[{"count":2,"href":"\/blog\/wp-json\/wp\/v2\/posts\/14366\/revisions"}],"predecessor-version":[{"id":14368,"href":"\/blog\/wp-json\/wp\/v2\/posts\/14366\/revisions\/14368"}],"wp:featuredmedia":[{"embeddable":true,"href":"\/blog\/wp-json\/wp\/v2\/media\/14369"}],"wp:attachment":[{"href":"\/blog\/wp-json\/wp\/v2\/media?parent=14366"}],"wp:term":[{"taxonomy":"category","embeddable":true,"href":"\/blog\/wp-json\/wp\/v2\/categories?post=14366"},{"taxonomy":"post_tag","embeddable":true,"href":"\/blog\/wp-json\/wp\/v2\/tags?post=14366"}],"curies":[{"name":"wp","href":"https:\/\/api.w.org\/{rel}","templated":true}]}}