{"id":14146,"date":"2023-08-22T08:45:00","date_gmt":"2023-08-22T06:45:00","guid":{"rendered":"https:\/\/www.blogdeasisa.es\/?p=14146"},"modified":"2023-08-09T10:54:34","modified_gmt":"2023-08-09T08:54:34","slug":"por-que-son-tan-importantes-las-abejas-para-el-medioambiente","status":"publish","type":"post","link":"\/blog\/vida-sostenible\/por-que-son-tan-importantes-las-abejas-para-el-medioambiente\/","title":{"rendered":"\u00bfPor qu\u00e9 son tan importantes las abejas para el medioambiente?"},"content":{"rendered":"\n<p>Todos conocemos a las <strong>abejas<\/strong>. Estos peque\u00f1os insectos son los encargados de <strong>producir miel<\/strong>, un alimento de uso muy com\u00fan en muchas culturas. Pero, adem\u00e1s, son conocidas por <strong>ser especialmente relevantes para el medioambiente<\/strong>. \u00bfPor qu\u00e9?<\/p>\n\n\n\n<p>La respuesta a esta pregunta es simple: las abejas son <strong>expertas polinizadoras<\/strong> y, como tales, juegan un <strong>papel cr\u00edtico en el equilibrio de los ecosistemas<\/strong>. Sin embargo, desde hace unos a\u00f1os, estos insectos est\u00e1n <strong>desapareciendo<\/strong>. Algo que ha propiciado <strong>iniciativas de protecci\u00f3n de esta especie a escala mundial<\/strong>.<\/p>\n\n\n\n<div class=\"wp-block-stackable-heading stk-block-heading stk-block stk-fe06905\" id=\"strong-por-que-estan-en-peligro-las-abejas-strong\" data-block-id=\"fe06905\"><h2 class=\"stk-block-heading__text\"><strong>\u00bfPor qu\u00e9 est\u00e1n en peligro las abejas?<\/strong><\/h2><\/div>\n\n\n\n<p>En efecto, estos insectos se enfrentan actualmente a una serie de <strong>amenazas<\/strong> que ponen en peligro no solo su <strong>supervivencia<\/strong>, tambi\u00e9n la <strong>salud de nuestros ecosistemas<\/strong>. Estos son <strong>4 motivos por los que las abejas est\u00e1n en peligro<\/strong>:<\/p>\n\n\n\n<ol type=\"1\">\n<li><strong>P\u00e9rdida de h\u00e1bitat<\/strong>: la expansi\u00f3n de la agricultura y la urbanizaci\u00f3n han <strong>reducido significativamente los espacios naturales para <\/strong>los insectos polinizadores.<\/li>\n\n\n\n<li><strong>Uso de pesticidas<\/strong>: los <strong>productos qu\u00edmicos t\u00f3xicos<\/strong> utilizados en la agricultura, como <strong>algunos pesticidas<\/strong>, son <strong>da\u00f1inos para estos animales<\/strong>.<\/li>\n\n\n\n<li><strong>Cambio clim\u00e1tico<\/strong>: el <strong>aumento de las temperaturas<\/strong> y los <strong>patrones clim\u00e1ticos impredecibles<\/strong> afectan negativamente las poblaciones de abejas y <strong>alteran la sincronizaci\u00f3n de su ciclo de vida<\/strong> con la <strong>disponibilidad de flores para polinizar<\/strong>.<\/li>\n\n\n\n<li><strong>Enfermedades y par\u00e1sitos<\/strong>: las abejas tambi\u00e9n enfrentan <strong>amenazas biol\u00f3gicas<\/strong>, que debilitan a las colonias y las hace m\u00e1s vulnerables a otras enfermedades.<\/li>\n<\/ol>\n\n\n\n<p>A estas amenazas hay que sumar la presencia cada vez mayor de algunas <strong>especies invasoras<\/strong> como la <strong>avispa asi\u00e1tica<\/strong>. Este insecto <strong>se alimenta de abejas<\/strong> y puede <strong>reducir significativamente sus poblaciones<\/strong>. Por tanto, es importante saber que la <strong>lucha contra estas especies invasoras<\/strong> es crucial para proteger a las abejas y favorecer el equilibrio de los ecosistemas.<\/p>\n\n\n\n<div class=\"wp-block-stackable-heading stk-block-heading stk-block stk-28d778c\" id=\"strong-que-podemos-hacer-para-proteger-a-las-abejas-strong\" data-block-id=\"28d778c\"><h2 class=\"stk-block-heading__text\"><strong>\u00bfQu\u00e9 podemos hacer para proteger a las abejas?<\/strong><\/h2><\/div>\n\n\n\n<p>La buena noticia es que existen muchas formas en que podemos contribuir a <a href=\"https:\/\/www.fao.org\/documents\/card\/en\/c\/cb4802en\" target=\"_blank\" rel=\"noopener\"><strong>proteger a las abejas<\/strong><\/a> y asegurar su supervivencia. Estas son algunas de ellas:<\/p>\n\n\n\n<ul>\n<li><strong>Planta flores que las atraigan<\/strong>: cultivar cal\u00e9ndulas, girasoles, lavanda y otras flores ricas en n\u00e9ctar en nuestros jardines y balcones proporciona un <strong>h\u00e1bitat de valor para <\/strong>los insectos polinizadores.<\/li>\n\n\n\n<li><strong>Apoya a los apicultores locales<\/strong>: comprar miel y otros productos a apicultores de <a href=\"\/\/vida-sostenible\/4-consejos-clave-para-comprar-productos-locales-o-de-proximidad\/\" target=\"_blank\" rel=\"noreferrer noopener\">proximidad<\/a> es una forma de apoyar la <strong>apicultura sostenible<\/strong> y el <strong>cuidado responsable de las abejas<\/strong>.<\/li>\n\n\n\n<li><strong>Evita el uso de pesticidas da\u00f1inos<\/strong>: optar por alternativas m\u00e1s naturales y amigables con las abejas en nuestros jardines y cultivos ayuda a <strong>reducir su exposici\u00f3n a sustancias nocivas<\/strong>.<\/li>\n\n\n\n<li><strong>Crea h\u00e1bitats para polinizadores<\/strong>: dedicar \u00e1reas espec\u00edficas en jardines y espacios p\u00fablicos para polinizadores proporciona <strong>refugio y recursos para estos insectos<\/strong>.<\/li>\n<\/ul>\n\n\n\n<p>La <strong>protecci\u00f3n del medioambiente<\/strong> es una tarea que nos incumbe a todos, y parte de ello pasa por <strong>contribuir a que el mundo contin\u00fae siendo habitable para estos peque\u00f1os insectos<\/strong>. Nuestro <a href=\"\/\/vida-sostenible\/5-habitos-que-danan-el-medioambiente-sin-que-nos-demos-cuenta\/\" target=\"_blank\" rel=\"noreferrer noopener\"><strong>granito de arena<\/strong><\/a>, por peque\u00f1o que sea, marca la diferencia para que las abejas contin\u00faen desempe\u00f1ando su papel en la naturaleza.<\/p>\n\n\n\n<div class=\"wp-block-stackable-icon-box stk-block-icon-box stk-block stk-cc5d1c0\" data-block-id=\"cc5d1c0\"><style>.stk-cc5d1c0-container{background-color:#efeee9 !important}.stk-cc5d1c0-container:before{background-color:#efeee9 !important}<\/style><div class=\"stk-block-content stk-inner-blocks stk-block-icon-box__content stk-container stk-cc5d1c0-container stk-hover-parent\">\n<div class=\"wp-block-stackable-icon-label stk-block-icon-label stk-block stk-8fdff40\" data-block-id=\"8fdff40\"><div class=\"stk-row stk-inner-blocks stk-block-content\">\n<div class=\"wp-block-stackable-icon stk-block-icon has-text-align-left stk-block stk-dd0eb37\" data-block-id=\"dd0eb37\"><style>.stk-dd0eb37 .stk--svg-wrapper .stk--inner-svg svg:last-child,.stk-dd0eb37 .stk--svg-wrapper .stk--inner-svg svg:last-child :is(g,path,rect,polygon,ellipse){fill:#085086 !important}<\/style><span class=\"stk--svg-wrapper\"><div class=\"stk--inner-svg\"><svg style=\"height:0;width:0\"><defs><linearGradient id=\"linear-gradient-dd0eb37\" x1=\"0\" x2=\"100%\" y1=\"0\" y2=\"0\"><stop offset=\"0%\" style=\"stop-opacity:1;stop-color:var(--linear-gradient-dd-0-eb-37-color-1)\"><\/stop><stop offset=\"100%\" style=\"stop-opacity:1;stop-color:var(--linear-gradient-dd-0-eb-37-color-2)\"><\/stop><\/linearGradient><\/defs><\/svg><svg aria-hidden=\"true\" focusable=\"false\" data-prefix=\"fas\" data-icon=\"asterisk\" class=\"svg-inline--fa fa-asterisk fa-w-16\" xmlns=\"http:\/\/www.w3.org\/2000\/svg\" viewBox=\"0 0 512 512\" width=\"32\" height=\"32\"><path fill=\"currentColor\" d=\"M478.21 334.093L336 256l142.21-78.093c11.795-6.477 15.961-21.384 9.232-33.037l-19.48-33.741c-6.728-11.653-21.72-15.499-33.227-8.523L296 186.718l3.475-162.204C299.763 11.061 288.937 0 275.48 0h-38.96c-13.456 0-24.283 11.061-23.994 24.514L216 186.718 77.265 102.607c-11.506-6.976-26.499-3.13-33.227 8.523l-19.48 33.741c-6.728 11.653-2.562 26.56 9.233 33.037L176 256 33.79 334.093c-11.795 6.477-15.961 21.384-9.232 33.037l19.48 33.741c6.728 11.653 21.721 15.499 33.227 8.523L216 325.282l-3.475 162.204C212.237 500.939 223.064 512 236.52 512h38.961c13.456 0 24.283-11.061 23.995-24.514L296 325.282l138.735 84.111c11.506 6.976 26.499 3.13 33.227-8.523l19.48-33.741c6.728-11.653 2.563-26.559-9.232-33.036z\"><\/path><\/svg><\/div><\/span><\/div>\n\n\n\n<div class=\"wp-block-stackable-heading stk-block-heading stk-block stk-33f377c\" id=\"recuerda\" data-block-id=\"33f377c\"><h4 class=\"stk-block-heading__text\">Recuerda<\/h4><\/div>\n<\/div><\/div>\n\n\n\n<div class=\"wp-block-stackable-heading stk-block-heading stk-block stk-bb99883\" id=\"el-cerebro-es-el-organo-mas-complejo-del-cuerpo-humano-debido-a-que-es-el-que-controla-el-resto-de-los-organos\" data-block-id=\"bb99883\"><style>.stk-bb99883{margin-bottom:0px !important}<\/style><h5 class=\"stk-block-heading__text\">Las abejas son esenciales para el medioambiente por su labor de polinizadoras, que asegura el equilibrio de los ecosistemas.<\/h5><\/div>\n\n\n\n<div class=\"wp-block-stackable-heading stk-block-heading stk-block stk-962ad5b\" id=\"estan-en-peligro-debido-a-la-perdida-de-habitat-el-uso-de-pesticidas-el-cambio-climatico-y-enfermedades\" data-block-id=\"962ad5b\"><style>.stk-962ad5b{margin-bottom:0px !important}<\/style><h5 class=\"stk-block-heading__text\">Est\u00e1n en peligro debido a la p\u00e9rdida de h\u00e1bitat, el uso de pesticidas, el cambio clim\u00e1tico y enfermedades.<\/h5><\/div>\n\n\n\n<div class=\"wp-block-stackable-heading stk-block-heading stk-block stk-ac9fffa\" id=\"para-proteger-a-las-abejas-se-puede-plantar-flores-que-las-atraigan-apoyar-a-apicultores-locales-evitar-pesticidas-daninos-y-crear-habitats-para-polinizadores\" data-block-id=\"ac9fffa\"><style>.stk-ac9fffa{margin-bottom:0px !important}<\/style><h5 class=\"stk-block-heading__text\">Para proteger a las abejas, se puede plantar flores que las atraigan, apoyar a apicultores locales, evitar pesticidas da\u00f1inos y crear h\u00e1bitats para polinizadores.<\/h5><\/div>\n<\/div><\/div>\n","protected":false},"excerpt":{"rendered":"<p>Todos conocemos a las abejas. Estos peque\u00f1os insectos son los encargados de producir miel, un alimento de uso muy com\u00fan en muchas culturas. Pero, adem\u00e1s, son conocidas por ser especialmente relevantes para el medioambiente. \u00bfPor qu\u00e9? La respuesta a esta pregunta es simple: las abejas son expertas polinizadoras y, como tales, juegan un papel cr\u00edtico &#8230; <\/p>\n<p class=\"read-more-container\"><a title=\"\u00bfPor qu\u00e9 son tan importantes las abejas para el medioambiente?\" class=\"read-more button\" href=\"\/blog\/vida-sostenible\/por-que-son-tan-importantes-las-abejas-para-el-medioambiente\/#more-14146\" aria-label=\"Leer m\u00e1s sobre \u00bfPor qu\u00e9 son tan importantes las abejas para el medioambiente?\">Leer m\u00e1s<\/a><\/p>\n","protected":false},"author":8,"featured_media":14150,"comment_status":"closed","ping_status":"closed","sticky":false,"template":"","format":"standard","meta":{"_coblocks_attr":"","_coblocks_dimensions":"","_coblocks_responsive_height":"","_coblocks_accordion_ie_support":"","om_disable_all_campaigns":false,"_uf_show_specific_survey":0,"_uf_disable_surveys":false,"twitterCardType":"","cardImageID":0,"cardImage":"","cardTitle":"","cardDesc":"","cardImageAlt":"","cardPlayer":"","cardPlayerWidth":0,"cardPlayerHeight":0,"cardPlayerStream":"","cardPlayerCodec":"","footnotes":""},"categories":[89,91],"tags":[174],"aioseo_notices":[],"featured_image_src":"\/blog\/wp-content\/uploads\/2023\/08\/abejas-600x400.png","featured_image_src_square":"\/blog\/wp-content\/uploads\/2023\/08\/abejas-600x600.png","author_info":{"display_name":"ASISA","author_link":"\/blog\/author\/laragsoto\/"},"_links":{"self":[{"href":"\/blog\/wp-json\/wp\/v2\/posts\/14146"}],"collection":[{"href":"\/blog\/wp-json\/wp\/v2\/posts"}],"about":[{"href":"\/blog\/wp-json\/wp\/v2\/types\/post"}],"author":[{"embeddable":true,"href":"\/blog\/wp-json\/wp\/v2\/users\/8"}],"replies":[{"embeddable":true,"href":"\/blog\/wp-json\/wp\/v2\/comments?post=14146"}],"version-history":[{"count":3,"href":"\/blog\/wp-json\/wp\/v2\/posts\/14146\/revisions"}],"predecessor-version":[{"id":14149,"href":"\/blog\/wp-json\/wp\/v2\/posts\/14146\/revisions\/14149"}],"wp:featuredmedia":[{"embeddable":true,"href":"\/blog\/wp-json\/wp\/v2\/media\/14150"}],"wp:attachment":[{"href":"\/blog\/wp-json\/wp\/v2\/media?parent=14146"}],"wp:term":[{"taxonomy":"category","embeddable":true,"href":"\/blog\/wp-json\/wp\/v2\/categories?post=14146"},{"taxonomy":"post_tag","embeddable":true,"href":"\/blog\/wp-json\/wp\/v2\/tags?post=14146"}],"curies":[{"name":"wp","href":"https:\/\/api.w.org\/{rel}","templated":true}]}}