{"id":14137,"date":"2023-08-17T08:45:00","date_gmt":"2023-08-17T06:45:00","guid":{"rendered":"https:\/\/www.blogdeasisa.es\/?p=14137"},"modified":"2023-08-09T10:37:51","modified_gmt":"2023-08-09T08:37:51","slug":"cuales-son-los-problemas-bucodentales-mas-comunes-en-ninos","status":"publish","type":"post","link":"\/blog\/salud\/cuales-son-los-problemas-bucodentales-mas-comunes-en-ninos\/","title":{"rendered":"\u00bfCu\u00e1les son los problemas bucodentales m\u00e1s comunes en ni\u00f1os?"},"content":{"rendered":"\n<p>La <strong>salud bucodental<\/strong> es fundamental en el desarrollo y bienestar de los <strong>ni\u00f1os<\/strong>. Una buena salud oral no solo contribuye a tener una <strong>sonrisa bonita<\/strong>, sino que tambi\u00e9n es crucial para la correcta <strong>alimentaci\u00f3n<\/strong>, el <strong>habla<\/strong> y la <strong>autoestima<\/strong>. Sin embargo, es posible que tengan que, en alg\u00fan momento, los ni\u00f1os desarrollen <strong>problemas bucodentales<\/strong> de distinto tipo.<\/p>\n\n\n\n<p>El <strong>origen de los problemas bucodentales<\/strong> en ni\u00f1os puede ser variado: desde los <strong>factores gen\u00e9ticos<\/strong> hasta la <strong>mala higiene oral<\/strong>, pasando por el <strong>consumo excesivo de az\u00facares que pueden da\u00f1ar el esmalte<\/strong>. En cualquier caso, las <strong>revisiones dentales<\/strong> durante la infancia y la adolescencia son cruciales para evitar problemas en el futuro.<\/p>\n\n\n\n<div class=\"wp-block-stackable-heading stk-block-heading stk-block stk-a1eb238\" id=\"strong-los-5-problemas-bucodentales-mas-frecuentes-en-ninos-strong\" data-block-id=\"a1eb238\"><h2 class=\"stk-block-heading__text\"><strong>Los 5 problemas bucodentales m\u00e1s frecuentes en ni\u00f1os<\/strong><\/h2><\/div>\n\n\n\n<p>Por lo general, las visitas al odont\u00f3logo en la etapa infantil suelen ocurrir por los 5 siguientes motivos:<\/p>\n\n\n\n<ol type=\"1\">\n<li><strong>Caries dental<\/strong>: las <a href=\"\/\/salud\/como-prevenir-las-temidas-caries-en-los-ninos\/\" target=\"_blank\" rel=\"noreferrer noopener\">caries<\/a> son causadas por la <strong>acumulaci\u00f3n de placa bacteriana<\/strong>, que produce <strong>\u00e1cidos<\/strong> que <strong>da\u00f1an el esmalte dental<\/strong>. Pueden generar <strong>dolor<\/strong>, <strong>dificultades para comer<\/strong> y <strong>problemas en el desarrollo dental<\/strong>. Este es uno de los problemas bucodentales m\u00e1s frecuentes en ni\u00f1os: se calcula que <strong>el 31% de los menores de 6 a\u00f1os en Espa\u00f1a tiene caries<\/strong>.<\/li>\n\n\n\n<li><strong>Maloclusi\u00f3n dental<\/strong>: la maloclusi\u00f3n es la <strong>mala alineaci\u00f3n de los dientes y la mand\u00edbula<\/strong>. Puede manifestarse en forma de <strong>dientes torcidos, api\u00f1ados o separados<\/strong>. Adem\u00e1s de afectar la apariencia, la maloclusi\u00f3n puede <strong>dificultar la masticaci\u00f3n y el habla<\/strong>. Si se detecta tempranamente, el ortodoncista puede corregir estos problemas con <a href=\"https:\/\/enfamilia.aeped.es\/temas-salud\/maloclusiones-en-ninos-ortodoncia\" target=\"_blank\" rel=\"noreferrer noopener\"><strong>brackets<\/strong><\/a>.<\/li>\n\n\n\n<li><strong>Gingivitis<\/strong>: esta es una inflamaci\u00f3n de las enc\u00edas causada principalmente por una <strong>higiene oral deficiente<\/strong>. Los ni\u00f1os pueden presentar las <strong>enc\u00edas enrojecidas, inflamadas y propensas al sangrado<\/strong>.<\/li>\n\n\n\n<li><strong>Traumatismos dentales<\/strong>: debido a las ca\u00eddas y a la pr\u00e1ctica de deportes, <strong>los ni\u00f1os son bastante propensos a sufrir traumatismos dentales<\/strong>. Estos pueden provocar desde <strong>fracturas en los dientes<\/strong> hasta la <strong>p\u00e9rdida de piezas dentales<\/strong>.<\/li>\n\n\n\n<li><strong>Erupci\u00f3n tard\u00eda o temprana de los dientes<\/strong>: algunos ni\u00f1os pueden presentar <strong>problemas en el proceso de erupci\u00f3n dental<\/strong>, ya sea por una erupci\u00f3n tard\u00eda o temprana. Esto puede deberse a diversos factores, como la gen\u00e9tica o la falta de espacio en la boca.<\/li>\n<\/ol>\n\n\n\n<p>A pesar de que estos son los m\u00e1s comunes, no son todos. Por eso es recomendable que, ante la aparici\u00f3n de <strong>cualquier s\u00edntoma oral<\/strong>, se <strong>lleve a los ni\u00f1os al odont\u00f3logo <\/strong>para que haga la evaluaci\u00f3n oportuna.<\/p>\n\n\n\n<div class=\"wp-block-stackable-heading stk-block-heading stk-block stk-6dac49a\" id=\"strong-consejos-para-strong-evitarlos\" data-block-id=\"6dac49a\"><h2 class=\"stk-block-heading__text\"><strong>Consejos para<\/strong> evitarlos<\/h2><\/div>\n\n\n\n<p>Los problemas bucodentales no son inevitables: <strong>prevenirlos es posible si sabemos c\u00f3mo<\/strong>. Estos son algunos consejos clave para evitarlos:<\/p>\n\n\n\n<ul>\n<li><strong>Establece una rutina de higiene oral<\/strong>: es importante que los ni\u00f1os conozcan desde una edad temprana la <strong>importancia de cepillarse los dientes<\/strong>. Por lo general, lo m\u00e1s apropiado es usar cepillos suaves y pasta dental con fl\u00faor adecuada para su edad.<\/li>\n\n\n\n<li><strong>Fomenta el uso de hilo dental<\/strong>: adem\u00e1s del cepillado, tambi\u00e9n <strong>es esencial que los ni\u00f1os aprendan a usar el hilo dental<\/strong>. Esto les permitir\u00e1 profundizar en su higiene oral y <strong>evitar posibles casos de periodontitis<\/strong> en el futuro.<\/li>\n\n\n\n<li><strong>Limita el consumo de alimentos azucarados<\/strong>: el az\u00facar es uno de los <strong>principales desencadenantes de las temidas caries<\/strong>. Por eso es aconsejable que los ni\u00f1os lleven una <strong>dieta sana, limitando alimentos y bebidas azucaradas<\/strong>.<\/li>\n<\/ul>\n\n\n\n<p>Por \u00faltimo, recuerda que la <strong>infancia<\/strong> es una <strong>etapa clave<\/strong> en la <strong>formaci\u00f3n de la dentadura<\/strong>, por lo que es muy aconsejable que un <a href=\"https:\/\/www.asisadental.es\/\" target=\"_blank\" rel=\"noreferrer noopener\">odont\u00f3logo<\/a> haga un seguimiento de la evoluci\u00f3n dental de los ni\u00f1os. Programar <strong>visitas peri\u00f3dicas<\/strong> podr\u00e1 permitir detectar y tratar cualquier problema bucodental de forma precoz, <strong>evitando complicaciones en el futuro<\/strong>.<\/p>\n\n\n\n<div class=\"wp-block-stackable-icon-box stk-block-icon-box stk-block stk-cc5d1c0\" data-block-id=\"cc5d1c0\"><style>.stk-cc5d1c0-container{background-color:#efeee9 !important}.stk-cc5d1c0-container:before{background-color:#efeee9 !important}<\/style><div class=\"stk-block-content stk-inner-blocks stk-block-icon-box__content stk-container stk-cc5d1c0-container stk-hover-parent\">\n<div class=\"wp-block-stackable-icon-label stk-block-icon-label stk-block stk-8fdff40\" data-block-id=\"8fdff40\"><div class=\"stk-row stk-inner-blocks stk-block-content\">\n<div class=\"wp-block-stackable-icon stk-block-icon has-text-align-left stk-block stk-dd0eb37\" data-block-id=\"dd0eb37\"><style>.stk-dd0eb37 .stk--svg-wrapper .stk--inner-svg svg:last-child,.stk-dd0eb37 .stk--svg-wrapper .stk--inner-svg svg:last-child :is(g,path,rect,polygon,ellipse){fill:#085086 !important}<\/style><span class=\"stk--svg-wrapper\"><div class=\"stk--inner-svg\"><svg style=\"height:0;width:0\"><defs><linearGradient id=\"linear-gradient-dd0eb37\" x1=\"0\" x2=\"100%\" y1=\"0\" y2=\"0\"><stop offset=\"0%\" style=\"stop-opacity:1;stop-color:var(--linear-gradient-dd-0-eb-37-color-1)\"><\/stop><stop offset=\"100%\" style=\"stop-opacity:1;stop-color:var(--linear-gradient-dd-0-eb-37-color-2)\"><\/stop><\/linearGradient><\/defs><\/svg><svg aria-hidden=\"true\" focusable=\"false\" data-prefix=\"fas\" data-icon=\"asterisk\" class=\"svg-inline--fa fa-asterisk fa-w-16\" xmlns=\"http:\/\/www.w3.org\/2000\/svg\" viewBox=\"0 0 512 512\" width=\"32\" height=\"32\"><path fill=\"currentColor\" d=\"M478.21 334.093L336 256l142.21-78.093c11.795-6.477 15.961-21.384 9.232-33.037l-19.48-33.741c-6.728-11.653-21.72-15.499-33.227-8.523L296 186.718l3.475-162.204C299.763 11.061 288.937 0 275.48 0h-38.96c-13.456 0-24.283 11.061-23.994 24.514L216 186.718 77.265 102.607c-11.506-6.976-26.499-3.13-33.227 8.523l-19.48 33.741c-6.728 11.653-2.562 26.56 9.233 33.037L176 256 33.79 334.093c-11.795 6.477-15.961 21.384-9.232 33.037l19.48 33.741c6.728 11.653 21.721 15.499 33.227 8.523L216 325.282l-3.475 162.204C212.237 500.939 223.064 512 236.52 512h38.961c13.456 0 24.283-11.061 23.995-24.514L296 325.282l138.735 84.111c11.506 6.976 26.499 3.13 33.227-8.523l19.48-33.741c6.728-11.653 2.563-26.559-9.232-33.036z\"><\/path><\/svg><\/div><\/span><\/div>\n\n\n\n<div class=\"wp-block-stackable-heading stk-block-heading stk-block stk-33f377c\" id=\"recuerda\" data-block-id=\"33f377c\"><h4 class=\"stk-block-heading__text\">Recuerda<\/h4><\/div>\n<\/div><\/div>\n\n\n\n<div class=\"wp-block-stackable-heading stk-block-heading stk-block stk-bb99883\" id=\"el-cerebro-es-el-organo-mas-complejo-del-cuerpo-humano-debido-a-que-es-el-que-controla-el-resto-de-los-organos\" data-block-id=\"bb99883\"><style>.stk-bb99883{margin-bottom:0px !important}<\/style><h5 class=\"stk-block-heading__text\">La salud bucodental es crucial en ni\u00f1os, y pueden experimentar problemas como caries, maloclusi\u00f3n, gingivitis o traumatismos dentales.<\/h5><\/div>\n\n\n\n<div class=\"wp-block-stackable-heading stk-block-heading stk-block stk-962ad5b\" id=\"para-prevenir-estos-problemas-es-importante-establecer-una-rutina-de-higiene-oral-fomentar-el-uso-de-hilo-dental-y-limitar-el-consumo-de-alimentos-azucarados\" data-block-id=\"962ad5b\"><style>.stk-962ad5b{margin-bottom:0px !important}<\/style><h5 class=\"stk-block-heading__text\">Para prevenir estos problemas, es importante establecer una rutina de higiene oral, fomentar el uso de hilo dental y limitar el consumo de alimentos azucarados.<\/h5><\/div>\n\n\n\n<div class=\"wp-block-stackable-heading stk-block-heading stk-block stk-ac9fffa\" id=\"las-visitas-periodicas-al-odontologo-son-fundamentales-para-detectar-y-tratar-cualquier-problema-bucodental-de-manera-temprana\" data-block-id=\"ac9fffa\"><style>.stk-ac9fffa{margin-bottom:0px !important}<\/style><h5 class=\"stk-block-heading__text\">Las visitas peri\u00f3dicas al odont\u00f3logo son fundamentales para detectar y tratar cualquier problema bucodental de manera temprana.<\/h5><\/div>\n<\/div><\/div>\n","protected":false},"excerpt":{"rendered":"<p>La salud bucodental es fundamental en el desarrollo y bienestar de los ni\u00f1os. Una buena salud oral no solo contribuye a tener una sonrisa bonita, sino que tambi\u00e9n es crucial para la correcta alimentaci\u00f3n, el habla y la autoestima. Sin embargo, es posible que tengan que, en alg\u00fan momento, los ni\u00f1os desarrollen problemas bucodentales de &#8230; <\/p>\n<p class=\"read-more-container\"><a title=\"\u00bfCu\u00e1les son los problemas bucodentales m\u00e1s comunes en ni\u00f1os?\" class=\"read-more button\" href=\"\/blog\/salud\/cuales-son-los-problemas-bucodentales-mas-comunes-en-ninos\/#more-14137\" aria-label=\"Leer m\u00e1s sobre \u00bfCu\u00e1les son los problemas bucodentales m\u00e1s comunes en ni\u00f1os?\">Leer m\u00e1s<\/a><\/p>\n","protected":false},"author":8,"featured_media":14145,"comment_status":"closed","ping_status":"closed","sticky":false,"template":"","format":"standard","meta":{"_coblocks_attr":"","_coblocks_dimensions":"","_coblocks_responsive_height":"","_coblocks_accordion_ie_support":"","om_disable_all_campaigns":false,"_uf_show_specific_survey":0,"_uf_disable_surveys":false,"twitterCardType":"","cardImageID":0,"cardImage":"","cardTitle":"","cardDesc":"","cardImageAlt":"","cardPlayer":"","cardPlayerWidth":0,"cardPlayerHeight":0,"cardPlayerStream":"","cardPlayerCodec":"","footnotes":""},"categories":[3,296],"tags":[174],"aioseo_notices":[],"featured_image_src":"\/blog\/wp-content\/uploads\/2023\/08\/Problemas-bucodentales-en-ninos-600x400.png","featured_image_src_square":"\/blog\/wp-content\/uploads\/2023\/08\/Problemas-bucodentales-en-ninos-600x600.png","author_info":{"display_name":"ASISA","author_link":"\/blog\/author\/laragsoto\/"},"_links":{"self":[{"href":"\/blog\/wp-json\/wp\/v2\/posts\/14137"}],"collection":[{"href":"\/blog\/wp-json\/wp\/v2\/posts"}],"about":[{"href":"\/blog\/wp-json\/wp\/v2\/types\/post"}],"author":[{"embeddable":true,"href":"\/blog\/wp-json\/wp\/v2\/users\/8"}],"replies":[{"embeddable":true,"href":"\/blog\/wp-json\/wp\/v2\/comments?post=14137"}],"version-history":[{"count":6,"href":"\/blog\/wp-json\/wp\/v2\/posts\/14137\/revisions"}],"predecessor-version":[{"id":14144,"href":"\/blog\/wp-json\/wp\/v2\/posts\/14137\/revisions\/14144"}],"wp:featuredmedia":[{"embeddable":true,"href":"\/blog\/wp-json\/wp\/v2\/media\/14145"}],"wp:attachment":[{"href":"\/blog\/wp-json\/wp\/v2\/media?parent=14137"}],"wp:term":[{"taxonomy":"category","embeddable":true,"href":"\/blog\/wp-json\/wp\/v2\/categories?post=14137"},{"taxonomy":"post_tag","embeddable":true,"href":"\/blog\/wp-json\/wp\/v2\/tags?post=14137"}],"curies":[{"name":"wp","href":"https:\/\/api.w.org\/{rel}","templated":true}]}}