{"id":14034,"date":"2023-07-13T11:13:41","date_gmt":"2023-07-13T09:13:41","guid":{"rendered":"https:\/\/www.blogdeasisa.es\/?p=14034"},"modified":"2023-07-13T11:13:43","modified_gmt":"2023-07-13T09:13:43","slug":"9-consejos-para-viajar-en-autocaravana","status":"publish","type":"post","link":"\/blog\/viajes\/9-consejos-para-viajar-en-autocaravana\/","title":{"rendered":"9 consejos para viajar en autocaravana"},"content":{"rendered":"\n<p>Viajar en <strong>autocaravana<\/strong> se ha convertido en una <strong>opci\u00f3n cada vez m\u00e1s popular<\/strong> para quienes buscan aventura y libertad en sus <strong>vacaciones<\/strong>. La posibilidad de llevar el hogar a cualquier destino, sin las <strong>limitaciones de los horarios de los hoteles<\/strong> o las <strong>restricciones de los vuelos<\/strong>, es una experiencia \u00fanica.<\/p>\n\n\n\n<p>Por eso te ofrecemos <strong>9 consejos clave para viajar en autocaravana<\/strong> que ser\u00e1n \u00fatiles, especialmente, para los principiantes.<\/p>\n\n\n\n<h2 class=\"wp-block-heading\"><strong>\u00bfCu\u00e1nto espacio hay en una autocaravana?<\/strong><\/h2>\n\n\n\n<p>Si vas a viajar en autocaravana, es muy importante que tengas en cuenta que <strong>el espacio en este veh\u00edculo es bastante limitado<\/strong>. Aunque puedas llevar muchas cosas contigo, es recomendable <strong>optimizar el equipaje y llevar lo realmente necesario<\/strong>. \u00bfEl motivo? Esto no solo te dar\u00e1 una mayor comodidad durante el viaje, sino que tambi\u00e9n garantizar\u00e1 un <strong>mejor manejo de la autocaravana<\/strong> y un <strong>consumo de combustible m\u00e1s eficiente<\/strong>.<\/p>\n\n\n\n<h2 class=\"wp-block-heading\"><strong>\u00bfEs absolutamente necesario planificar el itinerario?<\/strong><\/h2>\n\n\n\n<p>Nunca hay que decir que no a un viaje a la aventura, pero lo cierto es que, <strong>si planificas el itinerario, aprovechar\u00e1s el viaje al m\u00e1ximo<\/strong>. Tener marcados los puntos de inter\u00e9s que te interesa visitar te permitir\u00e1 trazar una <a href=\"\/\/viajes\/consejos-para-viajar-por-carretera-en-invierno-y-con-nieve\/\" target=\"_blank\" rel=\"noreferrer noopener\"><strong>ruta coherente<\/strong><\/a>. Sin embargo, tambi\u00e9n es importante <strong>ser flexible<\/strong> y permitirte <strong>descubrir nuevos lugares en el camino<\/strong>.<\/p>\n\n\n\n<h2 class=\"wp-block-heading\"><strong>\u00bfD\u00f3nde puedo aparcar?<\/strong><\/h2>\n\n\n\n<p>Durante el viaje, es crucial conocer d\u00f3nde puedes aparcar de manera segura y legal. Busca <strong>\u00e1reas de estacionamiento designadas para autocaravanas<\/strong>, como <strong>campings<\/strong>, <strong>\u00e1reas de servicio<\/strong> o <strong>estacionamientos espec\u00edficos<\/strong>. Respetar las normas locales de estacionamiento contribuir\u00e1 a <strong>evitar multas<\/strong> y otros problemas innecesarios.<\/p>\n\n\n\n<h2 class=\"wp-block-heading\"><strong>\u00bfD\u00f3nde puedo pasar la noche?<\/strong><\/h2>\n\n\n\n<p>Antes que nada, debes <strong>diferenciar entre estacionar, pernoctar y acampar<\/strong>.<\/p>\n\n\n\n<ul><li><strong>Estacionar<\/strong> se refiere a detenerse en un lugar por un per\u00edodo breve, sin desplegar elementos como mesas o sillas.<\/li><li><strong>Pernoctar<\/strong> implica pasar la noche en la autocaravana.<\/li><li><strong>Acampar<\/strong> significa pasar unos d\u00edas en el mismo lugar en una zona habilitada para ello (por ejemplo, <strong>campings<\/strong>).<\/li><\/ul>\n\n\n\n<p>Durante los viajes en autocaravana, lo m\u00e1s com\u00fan es que <strong>tengamos que pernoctar en alg\u00fan lugar<\/strong>. Es importante que, cuando vayas a hacerlo, tengas en cuenta lo siguiente:<\/p>\n\n\n\n<ul><li>Haz un uso razonable de los espacios de pernocta, <strong>estacionando de manera adecuada<\/strong>. No obstaculices el paso ni ocupes m\u00e1s espacio del necesario.<\/li><li>Contribuye a <strong>mantener el entorno limpio y cuidado<\/strong>.<\/li><li>S\u00e9 consciente de la <strong>demanda de aparcamientos en temporada alta<\/strong>. En zonas tur\u00edsticas con alta afluencia, se recomienda <strong>rotar de aparcamiento cada 24 o 48 horas<\/strong>, permitiendo que otros tambi\u00e9n puedan acceder a ellos.<\/li><li><strong>\u00bfQu\u00e9 hago con las aguas negras?<\/strong><\/li><\/ul>\n\n\n\n<p>El manejo adecuado de las aguas grises y negras es esencial para cuidar el medio ambiente y cumplir con la normativa.<\/p>\n\n\n\n<ul><li><strong>Aguas grises<\/strong>: provienen de la <strong>cocina<\/strong> y la <strong>ducha<\/strong>. Se pueden desechar en <strong>instalaciones habilitadas<\/strong>, como \u00e1reas de servicio o campings.<\/li><li><strong>Aguas negras<\/strong>: provienen del <strong>inodoro<\/strong>. Deben ser vaciadas en <strong>puntos de vertido espec\u00edficos<\/strong> o en <strong>\u00e1reas de servicio con dicha infraestructura<\/strong>.<\/li><li><strong>\u00bfQu\u00e9 carnet de conducir hace falta para conducir una autocaravana?<\/strong><\/li><\/ul>\n\n\n\n<p>El tipo de <strong>carnet de conducir<\/strong> necesario para <strong>conducir una autocaravana en Espa\u00f1a<\/strong> es el tipo <strong>B+E<\/strong>, cuando esta supera los 3.500kg. Si sales del pa\u00eds, revisa la normativa existente para cumplir estos requisitos legales.<\/p>\n\n\n\n<h2 class=\"wp-block-heading\"><strong>\u00bfA qu\u00e9 velocidad puedo conducir una autocaravana?<\/strong><\/h2>\n\n\n\n<p>Seg\u00fan la <a href=\"https:\/\/www.dgt.es\/muevete-con-seguridad\/viaja-seguro\/en-autocaravana\/\" target=\"_blank\" rel=\"noreferrer noopener\"><strong>Direcci\u00f3n General de Tr\u00e1fico (DGT)<\/strong><\/a><strong> <\/strong>en Espa\u00f1a, <strong>las autocaravanas tienen las mismas limitaciones de velocidad que los veh\u00edculos de su misma categor\u00eda<\/strong>. En autopistas y autov\u00edas, la velocidad m\u00e1xima permitida es de 120 km\/h, mientras que en carreteras convencionales es de 90 km\/h. En v\u00edas urbanas, se deben respetar los l\u00edmites establecidos.<\/p>\n\n\n\n<h2 class=\"wp-block-heading\"><strong>\u00bfDebo contratar alg\u00fan seguro para viajar en autocaravana?<\/strong><\/h2>\n\n\n\n<p>Contratar un <strong>seguro espec\u00edfico para tu autocaravana<\/strong> es <strong>altamente recomendable.<\/strong> Aseg\u00farate de contar con una p\u00f3liza a todo riesgo. Adem\u00e1s, podr\u00eda interesarte contratar un <a href=\"https:\/\/www.asisa.es\/seguros-de-viaje\" target=\"_blank\" rel=\"noreferrer noopener\"><strong>seguro de viaje<\/strong><\/a>.<\/p>\n\n\n\n<h2 class=\"wp-block-heading\"><strong>Otros consejos de seguridad<\/strong><\/h2>\n\n\n\n<p>Para garantizar la seguridad durante tu viaje, es importante tomar precauciones adicionales. <strong>Mant\u00e9n las puertas y ventanas cerradas<\/strong> cuando no est\u00e9s en la autocaravana, <strong>evita mostrar objetos de valor<\/strong> a simple vista y utiliza sistemas de seguridad adicionales, como <strong>alarmas<\/strong> o <strong>cierres adicionales<\/strong>.<\/p>\n\n\n\n<div class=\"wp-block-stackable-icon-box stk-block-icon-box stk-block stk-cc5d1c0\" data-block-id=\"cc5d1c0\"><style>.stk-cc5d1c0-container{background-color:#efeee9 !important}.stk-cc5d1c0-container:before{background-color:#efeee9 !important}<\/style><div class=\"stk-block-content stk-inner-blocks stk-block-icon-box__content stk-container stk-cc5d1c0-container stk-hover-parent\">\n<div class=\"wp-block-stackable-icon-label stk-block-icon-label stk-block stk-8fdff40\" data-block-id=\"8fdff40\"><div class=\"stk-row stk-inner-blocks stk-block-content\">\n<div class=\"wp-block-stackable-icon stk-block-icon has-text-align-left stk-block stk-dd0eb37\" data-block-id=\"dd0eb37\"><style>.stk-dd0eb37 .stk--svg-wrapper .stk--inner-svg svg:last-child,.stk-dd0eb37 .stk--svg-wrapper .stk--inner-svg svg:last-child :is(g,path,rect,polygon,ellipse){fill:#085086 !important}<\/style><span class=\"stk--svg-wrapper\"><div class=\"stk--inner-svg\"><svg style=\"height:0;width:0\"><defs><linearGradient id=\"linear-gradient-dd0eb37\" x1=\"0\" x2=\"100%\" y1=\"0\" y2=\"0\"><stop offset=\"0%\" style=\"stop-opacity:1;stop-color:var(--linear-gradient-dd-0-eb-37-color-1)\"><\/stop><stop offset=\"100%\" style=\"stop-opacity:1;stop-color:var(--linear-gradient-dd-0-eb-37-color-2)\"><\/stop><\/linearGradient><\/defs><\/svg><svg aria-hidden=\"true\" focusable=\"false\" data-prefix=\"fas\" data-icon=\"asterisk\" class=\"svg-inline--fa fa-asterisk fa-w-16\" xmlns=\"http:\/\/www.w3.org\/2000\/svg\" viewBox=\"0 0 512 512\" width=\"32\" height=\"32\"><path fill=\"currentColor\" d=\"M478.21 334.093L336 256l142.21-78.093c11.795-6.477 15.961-21.384 9.232-33.037l-19.48-33.741c-6.728-11.653-21.72-15.499-33.227-8.523L296 186.718l3.475-162.204C299.763 11.061 288.937 0 275.48 0h-38.96c-13.456 0-24.283 11.061-23.994 24.514L216 186.718 77.265 102.607c-11.506-6.976-26.499-3.13-33.227 8.523l-19.48 33.741c-6.728 11.653-2.562 26.56 9.233 33.037L176 256 33.79 334.093c-11.795 6.477-15.961 21.384-9.232 33.037l19.48 33.741c6.728 11.653 21.721 15.499 33.227 8.523L216 325.282l-3.475 162.204C212.237 500.939 223.064 512 236.52 512h38.961c13.456 0 24.283-11.061 23.995-24.514L296 325.282l138.735 84.111c11.506 6.976 26.499 3.13 33.227-8.523l19.48-33.741c6.728-11.653 2.563-26.559-9.232-33.036z\"><\/path><\/svg><\/div><\/span><\/div>\n\n\n\n<div class=\"wp-block-stackable-heading stk-block-heading stk-block stk-33f377c\" id=\"recuerda\" data-block-id=\"33f377c\"><h4 class=\"stk-block-heading__text\">Recuerda<\/h4><\/div>\n<\/div><\/div>\n\n\n\n<div class=\"wp-block-stackable-heading stk-block-heading stk-block stk-bb99883\" id=\"el-cerebro-es-el-organo-mas-complejo-del-cuerpo-humano-debido-a-que-es-el-que-controla-el-resto-de-los-organos\" data-block-id=\"bb99883\"><style>.stk-bb99883{margin-bottom:0px !important}<\/style><h5 class=\"stk-block-heading__text\">El espacio en una autocaravana es limitado. Ll\u00e9vate solo lo esencial a tu viaje.<\/h5><\/div>\n\n\n\n<div class=\"wp-block-stackable-heading stk-block-heading stk-block stk-962ad5b\" id=\"es-importante-distinguir-entre-pernoctar-estacionar-y-acampar-ya-que-existen-normativas-distintas-para-cada-caso\" data-block-id=\"962ad5b\"><style>.stk-962ad5b{margin-bottom:0px !important}<\/style><h5 class=\"stk-block-heading__text\">Es importante distinguir entre pernoctar, estacionar y acampar, ya que existen normativas distintas para cada caso.<\/h5><\/div>\n\n\n\n<div class=\"wp-block-stackable-heading stk-block-heading stk-block stk-ac9fffa\" id=\"es-altamente-recomendable-contratar-un-seguro-antes-de-emprender-un-viaje-en-autocaravana\" data-block-id=\"ac9fffa\"><style>.stk-ac9fffa{margin-bottom:0px !important}<\/style><h5 class=\"stk-block-heading__text\">Es altamente recomendable contratar un seguro antes de emprender un viaje en autocaravana.<\/h5><\/div>\n<\/div><\/div>\n","protected":false},"excerpt":{"rendered":"<p>Viajar en autocaravana se ha convertido en una opci\u00f3n cada vez m\u00e1s popular para quienes buscan aventura y libertad en sus vacaciones. La posibilidad de llevar el hogar a cualquier destino, sin las limitaciones de los horarios de los hoteles o las restricciones de los vuelos, es una experiencia \u00fanica. Por eso te ofrecemos 9 &#8230; <\/p>\n<p class=\"read-more-container\"><a title=\"9 consejos para viajar en autocaravana\" class=\"read-more button\" href=\"\/blog\/viajes\/9-consejos-para-viajar-en-autocaravana\/#more-14034\" aria-label=\"Leer m\u00e1s sobre 9 consejos para viajar en autocaravana\">Leer m\u00e1s<\/a><\/p>\n","protected":false},"author":8,"featured_media":14038,"comment_status":"closed","ping_status":"closed","sticky":false,"template":"","format":"standard","meta":{"_coblocks_attr":"","_coblocks_dimensions":"","_coblocks_responsive_height":"","_coblocks_accordion_ie_support":"","om_disable_all_campaigns":false,"_uf_show_specific_survey":0,"_uf_disable_surveys":false,"twitterCardType":"","cardImageID":0,"cardImage":"","cardTitle":"","cardDesc":"","cardImageAlt":"","cardPlayer":"","cardPlayerWidth":0,"cardPlayerHeight":0,"cardPlayerStream":"","cardPlayerCodec":"","footnotes":""},"categories":[86,88],"tags":[174],"aioseo_notices":[],"featured_image_src":"\/blog\/wp-content\/uploads\/2023\/07\/autocaravana-600x400.png","featured_image_src_square":"\/blog\/wp-content\/uploads\/2023\/07\/autocaravana-600x600.png","author_info":{"display_name":"ASISA","author_link":"\/blog\/author\/laragsoto\/"},"_links":{"self":[{"href":"\/blog\/wp-json\/wp\/v2\/posts\/14034"}],"collection":[{"href":"\/blog\/wp-json\/wp\/v2\/posts"}],"about":[{"href":"\/blog\/wp-json\/wp\/v2\/types\/post"}],"author":[{"embeddable":true,"href":"\/blog\/wp-json\/wp\/v2\/users\/8"}],"replies":[{"embeddable":true,"href":"\/blog\/wp-json\/wp\/v2\/comments?post=14034"}],"version-history":[{"count":3,"href":"\/blog\/wp-json\/wp\/v2\/posts\/14034\/revisions"}],"predecessor-version":[{"id":14037,"href":"\/blog\/wp-json\/wp\/v2\/posts\/14034\/revisions\/14037"}],"wp:featuredmedia":[{"embeddable":true,"href":"\/blog\/wp-json\/wp\/v2\/media\/14038"}],"wp:attachment":[{"href":"\/blog\/wp-json\/wp\/v2\/media?parent=14034"}],"wp:term":[{"taxonomy":"category","embeddable":true,"href":"\/blog\/wp-json\/wp\/v2\/categories?post=14034"},{"taxonomy":"post_tag","embeddable":true,"href":"\/blog\/wp-json\/wp\/v2\/tags?post=14034"}],"curies":[{"name":"wp","href":"https:\/\/api.w.org\/{rel}","templated":true}]}}