{"id":13866,"date":"2023-05-25T08:45:00","date_gmt":"2023-05-25T06:45:00","guid":{"rendered":"https:\/\/www.blogdeasisa.es\/?p=13866"},"modified":"2023-05-18T10:40:51","modified_gmt":"2023-05-18T08:40:51","slug":"estos-son-los-6-festivales-de-musica-mas-famosos-de-espana","status":"publish","type":"post","link":"\/blog\/viajes\/estos-son-los-6-festivales-de-musica-mas-famosos-de-espana\/","title":{"rendered":"Estos son los 6 festivales de m\u00fasica m\u00e1s famosos de Espa\u00f1a"},"content":{"rendered":"\n<p>Los <strong>festivales de m\u00fasica<\/strong> ofrecen una experiencia \u00fanica y emocionante que se ha convertido en una de las alternativas de ocio m\u00e1s populares en todo el mundo. Por eso son populares no solo entre los j\u00f3venes, sino entre <strong>personas de todas las edades que buscan <\/strong><a href=\"\/\/salud\/efectos-beneficiosos-de-la-musica-para-tu-salud\/\" target=\"_blank\" rel=\"noreferrer noopener\"><strong>disfrutar de la m\u00fasica<\/strong><\/a>.<\/p>\n\n\n\n<p>A menudo, los festivales de mayor inter\u00e9s se celebran en sitios algo lejanos a nuestra vivienda. Por eso, cada vez m\u00e1s, se est\u00e1n convirtiendo en una <strong>excusa para visitar ciertas zonas de nuestro pa\u00eds<\/strong>. A continuaci\u00f3n, te presentamos los <strong>6 festivales m\u00e1s famosos de Espa\u00f1a<\/strong>.<\/p>\n\n\n\n<div class=\"wp-block-stackable-heading stk-block-heading stk-block stk-fddcd0b\" id=\"strong-primavera-sound-un-icono-urbano-de-la-variedad-musical-strong\" data-block-id=\"fddcd0b\"><h2 class=\"stk-block-heading__text\"><strong>Primavera Sound: un icono urbano de la variedad musical<\/strong><\/h2><\/div>\n\n\n\n<p><a href=\"https:\/\/www.primaverasound.com\/es\/\" target=\"_blank\" rel=\"noopener\"><strong>Primavera Sound<\/strong><\/a> es un festival que, <strong>en Espa\u00f1a, se celebra en Barcelona y Madrid<\/strong>. Su andadura comenz\u00f3 en el a\u00f1o 2001, y se caracteriza por su variedad musical. Es por ello que ha contado con la presencia de numerosos artistas de renombre, incluyendo a <strong>Arcade Fire<\/strong>, <strong>Bon Iver<\/strong> o <strong>Travis Scott<\/strong>, entre muchos otros.<\/p>\n\n\n\n<p>Se trata de uno de los festivales de m\u00fasica m\u00e1s importantes de Espa\u00f1a y de Europa, y su asistencia de p\u00fablico ha ido aumentando con el paso de los a\u00f1os, llegando a m\u00e1s de <strong>500.000 personas en su edici\u00f3n de 2022 en Barcelona<\/strong>.<\/p>\n\n\n\n<p>El festival se destaca por su <strong>car\u00e1cter urbano<\/strong>, as\u00ed como por su apuesta por el pop, el rock y las tendencias m\u00e1s <em>underground<\/em> de la m\u00fasica electr\u00f3nica.<\/p>\n\n\n\n<div class=\"wp-block-stackable-heading stk-block-heading stk-block stk-156e513\" id=\"strong-sonar-electronica-y-experimental-en-barcelona-strong\" data-block-id=\"156e513\"><h2 class=\"stk-block-heading__text\"><strong>S\u00f3nar, electr\u00f3nica y experimental en Barcelona<\/strong><\/h2><\/div>\n\n\n\n<p><a href=\"https:\/\/sonar.es\/es\" target=\"_blank\" rel=\"noopener\"><strong>S\u00f3nar<\/strong><\/a> (Festival Internacional de M\u00fasica, Creatividad y Tecnolog\u00eda S\u00f3nar) es un festival de <strong>m\u00fasica electr\u00f3nica y experimental<\/strong> que se celebra anualmente en <strong>Barcelona<\/strong> durante el <strong>mes de junio<\/strong>. Desde el a\u00f1o 1994, este festival re\u00fane a m\u00e1s de 125.000 asistentes en dos recintos y 9 escenarios. Adem\u00e1s, suele organizar eventos paralelos por toda la ciudad.<\/p>\n\n\n\n<p>El S\u00f3nar se ha caracterizado por <strong>ofrecer una programaci\u00f3n innovadora y vanguardista<\/strong>, que atrae tanto a expertos en tecnolog\u00eda y creatividad como a amantes de la m\u00fasica electr\u00f3nica.<\/p>\n\n\n\n<div class=\"wp-block-stackable-heading stk-block-heading stk-block stk-208bc1e\" id=\"strong-el-festival-de-musica-internacional-por-excelencia-fib-strong\" data-block-id=\"208bc1e\"><h2 class=\"stk-block-heading__text\"><strong>El festival de m\u00fasica internacional por excelencia: FIB<\/strong><\/h2><\/div>\n\n\n\n<p>Como su propio nombre indica, el <a href=\"https:\/\/fiberfib.com\/\" target=\"_blank\" rel=\"noreferrer noopener\"><strong>Festival Internacional de Benic\u00e0ssim<\/strong><\/a><strong> (FIB)<\/strong> se celebra en esta localidad de la provincia de <strong>Castell\u00f3n<\/strong>. Desde el a\u00f1o 1995, suele tener lugar a <strong>mediados de julio<\/strong>, y se caracteriza por su eclecticismo musical.<\/p>\n\n\n\n<p>El FIB ofrece una <strong>variedad de estilos musicales<\/strong> que van desde el pop, rock, indie, electr\u00f3nica y otros tipos de m\u00fasica, adem\u00e1s de otras actividades como teatro, moda y cine. En 2022, alcanz\u00f3 la cifra de <strong>180.000 asistentes<\/strong>.<\/p>\n\n\n\n<div class=\"wp-block-stackable-heading stk-block-heading stk-block stk-793e3e3\" id=\"strong-vina-rock-de-los-festivales-de-musica-mas-historicos-strong\" data-block-id=\"793e3e3\"><h2 class=\"stk-block-heading__text\"><strong>Vi\u00f1a Rock, de los festivales de m\u00fasica m\u00e1s hist\u00f3ricos<\/strong><\/h2><\/div>\n\n\n\n<p>El Festival de Arte Nativo Vi\u00f1a Rock, m\u00e1s conocido como <a href=\"https:\/\/www.vina-rock.com\/\" target=\"_blank\" rel=\"noreferrer noopener\"><strong>Vi\u00f1a Rock<\/strong><\/a>, se celebra anualmente el <strong>fin de semana previo al 1 de mayo<\/strong> en <strong>Villarrobledo, Albacete<\/strong>. Desde sus inicios <strong>hace m\u00e1s de 25 a\u00f1os<\/strong>, ha contado con la presencia de bandas emblem\u00e1ticas del rock espa\u00f1ol, como <strong>Extremoduro<\/strong> o <strong>Marea<\/strong>, entre otras.<\/p>\n\n\n\n<p>A lo largo de los a\u00f1os, el festival ha <strong>ampliado su repertorio musical<\/strong> para incluir otros g\u00e9neros, como el <strong>rap<\/strong>, el <strong>ska<\/strong> o el <strong>reggae<\/strong>, convirti\u00e9ndose en uno de los festivales m\u00e1s grandes y variados de Espa\u00f1a.<\/p>\n\n\n\n<div class=\"wp-block-stackable-heading stk-block-heading stk-block stk-d993cc2\" id=\"strong-para-los-amantes-del-metal-resurrection-fest-strong\" data-block-id=\"d993cc2\"><h2 class=\"stk-block-heading__text\"><strong>Para los amantes del metal: Resurrection Fest<\/strong><\/h2><\/div>\n\n\n\n<p>El <a href=\"https:\/\/www.resurrectionfest.es\/\" target=\"_blank\" rel=\"noreferrer noopener\"><strong>Resurrection Fest<\/strong><\/a> es un festival que se celebra anualmente en <strong>Viveiro, Lugo<\/strong>, durante el verano. Est\u00e1 especialmente centrado en la <strong>escena metal, punk y hardcore<\/strong>.<\/p>\n\n\n\n<p>Desde 2006 ha conseguido convertirse en uno de los festivales de m\u00fasica m\u00e1s populares de Espa\u00f1a en su g\u00e9nero, con <strong>m\u00e1s de 140.000 asistentes en 2022<\/strong>. El festival ha recibido <strong>m\u00e1s de 300 bandas de fama internacional<\/strong> como <strong>Slipknot<\/strong>, <strong>Iron Maiden<\/strong>, <strong>Korn<\/strong>, <strong>Mot\u00f6rhead<\/strong> o <strong>Rammstein<\/strong>, entre otros.<\/p>\n\n\n\n<div class=\"wp-block-stackable-heading stk-block-heading stk-block stk-a1bc6ee\" id=\"strong-bilbao-bbk-live-uno-de-los-festivales-de-musica-mas-variada-strong\" data-block-id=\"a1bc6ee\"><h2 class=\"stk-block-heading__text\"><strong>Bilbao BBK Live, uno de los festivales de m\u00fasica m\u00e1s variada<\/strong><\/h2><\/div>\n\n\n\n<p>El <a href=\"https:\/\/www.bilbaobbklive.com\/es\/\" target=\"_blank\" rel=\"noreferrer noopener\"><strong>Bilbao BBK Live<\/strong><\/a> es un festival que tiene lugar cada a\u00f1o en <strong>Bilbao, Pa\u00eds Vasco<\/strong>. Cuenta con 12 escenarios y, en 2022, acogi\u00f3 a 115.000 personas.<\/p>\n\n\n\n<p>Este festival se ha convertido en un referente gracias a su <strong>muy variada propuesta estil\u00edstica<\/strong>, con artistas de pop, rock, indie, escena urbana y electr\u00f3nica. El evento ha recibido a artistas de renombre como <strong>Gorillaz<\/strong>, <strong>Radiohead<\/strong>, <strong>Depeche Mode<\/strong> y <strong>The Strokes<\/strong>, as\u00ed como a leyendas de la m\u00fasica como <strong>R.E.M.<\/strong> y <strong>The Police<\/strong>.<\/p>\n\n\n\n<p>En definitiva, los festivales de m\u00fasica comprenden una <strong>oferta cultural y de ocio muy completa<\/strong>. Teniendo en cuenta que <strong>Espa\u00f1a es un pa\u00eds de festivales<\/strong>, \u00bfpor qu\u00e9 no ir a uno este verano?<\/p>\n\n\n\n<div class=\"wp-block-stackable-icon-box stk-block-icon-box stk-block stk-cc5d1c0\" data-block-id=\"cc5d1c0\"><style>.stk-cc5d1c0-container{background-color:#efeee9 !important}.stk-cc5d1c0-container:before{background-color:#efeee9 !important}<\/style><div class=\"stk-block-content stk-inner-blocks stk-block-icon-box__content stk-container stk-cc5d1c0-container stk-hover-parent\">\n<div class=\"wp-block-stackable-icon-label stk-block-icon-label stk-block stk-8fdff40\" data-block-id=\"8fdff40\"><div class=\"stk-row stk-inner-blocks stk-block-content\">\n<div class=\"wp-block-stackable-icon stk-block-icon has-text-align-left stk-block stk-dd0eb37\" data-block-id=\"dd0eb37\"><style>.stk-dd0eb37 .stk--svg-wrapper .stk--inner-svg svg:last-child,.stk-dd0eb37 .stk--svg-wrapper .stk--inner-svg svg:last-child :is(g,path,rect,polygon,ellipse){fill:#085086 !important}<\/style><span class=\"stk--svg-wrapper\"><div class=\"stk--inner-svg\"><svg style=\"height:0;width:0\"><defs><linearGradient id=\"linear-gradient-dd0eb37\" x1=\"0\" x2=\"100%\" y1=\"0\" y2=\"0\"><stop offset=\"0%\" style=\"stop-opacity:1;stop-color:var(--linear-gradient-dd-0-eb-37-color-1)\"><\/stop><stop offset=\"100%\" style=\"stop-opacity:1;stop-color:var(--linear-gradient-dd-0-eb-37-color-2)\"><\/stop><\/linearGradient><\/defs><\/svg><svg aria-hidden=\"true\" focusable=\"false\" data-prefix=\"fas\" data-icon=\"asterisk\" class=\"svg-inline--fa fa-asterisk fa-w-16\" xmlns=\"http:\/\/www.w3.org\/2000\/svg\" viewBox=\"0 0 512 512\" width=\"32\" height=\"32\"><path fill=\"currentColor\" d=\"M478.21 334.093L336 256l142.21-78.093c11.795-6.477 15.961-21.384 9.232-33.037l-19.48-33.741c-6.728-11.653-21.72-15.499-33.227-8.523L296 186.718l3.475-162.204C299.763 11.061 288.937 0 275.48 0h-38.96c-13.456 0-24.283 11.061-23.994 24.514L216 186.718 77.265 102.607c-11.506-6.976-26.499-3.13-33.227 8.523l-19.48 33.741c-6.728 11.653-2.562 26.56 9.233 33.037L176 256 33.79 334.093c-11.795 6.477-15.961 21.384-9.232 33.037l19.48 33.741c6.728 11.653 21.721 15.499 33.227 8.523L216 325.282l-3.475 162.204C212.237 500.939 223.064 512 236.52 512h38.961c13.456 0 24.283-11.061 23.995-24.514L296 325.282l138.735 84.111c11.506 6.976 26.499 3.13 33.227-8.523l19.48-33.741c6.728-11.653 2.563-26.559-9.232-33.036z\"><\/path><\/svg><\/div><\/span><\/div>\n\n\n\n<div class=\"wp-block-stackable-heading stk-block-heading stk-block stk-33f377c\" id=\"recuerda\" data-block-id=\"33f377c\"><h4 class=\"stk-block-heading__text\">Recuerda<\/h4><\/div>\n<\/div><\/div>\n\n\n\n<div class=\"wp-block-stackable-heading stk-block-heading stk-block stk-bb99883\" id=\"el-cerebro-es-el-organo-mas-complejo-del-cuerpo-humano-debido-a-que-es-el-que-controla-el-resto-de-los-organos\" data-block-id=\"bb99883\"><style>.stk-bb99883{margin-bottom:0px !important}<\/style><h5 class=\"stk-block-heading__text\">Los festivales de m\u00fasica no son solo para los m\u00e1s j\u00f3venes: est\u00e1n pensados para que los disfruten personas de todas las edades.<\/h5><\/div>\n\n\n\n<div class=\"wp-block-stackable-heading stk-block-heading stk-block stk-962ad5b\" id=\"algunos-de-los-festivales-mas-conocidos-en-espana-son-el-primavera-sound-el-fib-o-el-resurrection-fest-entre-otros\" data-block-id=\"962ad5b\"><style>.stk-962ad5b{margin-bottom:0px !important}<\/style><h5 class=\"stk-block-heading__text\">Algunos de los festivales m\u00e1s conocidos en Espa\u00f1a son el Primavera Sound, el FIB o el Resurrection Fest, entre otros.<\/h5><\/div>\n\n\n\n<div class=\"wp-block-stackable-heading stk-block-heading stk-block stk-ac9fffa\" id=\"mas-de-100-000-personas-asisten-cada-ano-a-cada-uno-de-estos-eventos\" data-block-id=\"ac9fffa\"><style>.stk-ac9fffa{margin-bottom:0px !important}<\/style><h5 class=\"stk-block-heading__text\">M\u00e1s de 100.000 personas asisten cada a\u00f1o a cada uno de estos eventos.<\/h5><\/div>\n<\/div><\/div>\n","protected":false},"excerpt":{"rendered":"<p>Los festivales de m\u00fasica ofrecen una experiencia \u00fanica y emocionante que se ha convertido en una de las alternativas de ocio m\u00e1s populares en todo el mundo. Por eso son populares no solo entre los j\u00f3venes, sino entre personas de todas las edades que buscan disfrutar de la m\u00fasica. A menudo, los festivales de mayor &#8230; <\/p>\n<p class=\"read-more-container\"><a title=\"Estos son los 6 festivales de m\u00fasica m\u00e1s famosos de Espa\u00f1a\" class=\"read-more button\" href=\"\/blog\/viajes\/estos-son-los-6-festivales-de-musica-mas-famosos-de-espana\/#more-13866\" aria-label=\"Leer m\u00e1s sobre Estos son los 6 festivales de m\u00fasica m\u00e1s famosos de Espa\u00f1a\">Leer m\u00e1s<\/a><\/p>\n","protected":false},"author":8,"featured_media":13869,"comment_status":"closed","ping_status":"closed","sticky":false,"template":"","format":"standard","meta":{"_coblocks_attr":"","_coblocks_dimensions":"","_coblocks_responsive_height":"","_coblocks_accordion_ie_support":"","om_disable_all_campaigns":false,"_uf_show_specific_survey":0,"_uf_disable_surveys":false,"twitterCardType":"","cardImageID":0,"cardImage":"","cardTitle":"","cardDesc":"","cardImageAlt":"","cardPlayer":"","cardPlayerWidth":0,"cardPlayerHeight":0,"cardPlayerStream":"","cardPlayerCodec":"","footnotes":""},"categories":[86,87],"tags":[174],"aioseo_notices":[],"featured_image_src":"\/blog\/wp-content\/uploads\/2023\/05\/festivales-de-musica-600x400.jpg","featured_image_src_square":"\/blog\/wp-content\/uploads\/2023\/05\/festivales-de-musica-600x600.jpg","author_info":{"display_name":"ASISA","author_link":"\/blog\/author\/laragsoto\/"},"_links":{"self":[{"href":"\/blog\/wp-json\/wp\/v2\/posts\/13866"}],"collection":[{"href":"\/blog\/wp-json\/wp\/v2\/posts"}],"about":[{"href":"\/blog\/wp-json\/wp\/v2\/types\/post"}],"author":[{"embeddable":true,"href":"\/blog\/wp-json\/wp\/v2\/users\/8"}],"replies":[{"embeddable":true,"href":"\/blog\/wp-json\/wp\/v2\/comments?post=13866"}],"version-history":[{"count":3,"href":"\/blog\/wp-json\/wp\/v2\/posts\/13866\/revisions"}],"predecessor-version":[{"id":13870,"href":"\/blog\/wp-json\/wp\/v2\/posts\/13866\/revisions\/13870"}],"wp:featuredmedia":[{"embeddable":true,"href":"\/blog\/wp-json\/wp\/v2\/media\/13869"}],"wp:attachment":[{"href":"\/blog\/wp-json\/wp\/v2\/media?parent=13866"}],"wp:term":[{"taxonomy":"category","embeddable":true,"href":"\/blog\/wp-json\/wp\/v2\/categories?post=13866"},{"taxonomy":"post_tag","embeddable":true,"href":"\/blog\/wp-json\/wp\/v2\/tags?post=13866"}],"curies":[{"name":"wp","href":"https:\/\/api.w.org\/{rel}","templated":true}]}}