{"id":13830,"date":"2023-05-10T20:38:40","date_gmt":"2023-05-10T18:38:40","guid":{"rendered":"https:\/\/www.blogdeasisa.es\/?p=13830"},"modified":"2023-05-10T20:38:41","modified_gmt":"2023-05-10T18:38:41","slug":"que-es-la-calidad-del-aire-y-por-que-es-importante","status":"publish","type":"post","link":"\/blog\/vida-sostenible\/que-es-la-calidad-del-aire-y-por-que-es-importante\/","title":{"rendered":"\u00bfQu\u00e9 es la calidad del aire y por qu\u00e9 es importante?"},"content":{"rendered":"\n<p>La <strong>calidad del aire<\/strong> se refiere a la composici\u00f3n qu\u00edmica y la cantidad de part\u00edculas en el aire que respiramos. Cuando la es buena, el cielo est\u00e1 claro y, por lo general, <strong>solo contendr\u00e1 peque\u00f1as cantidades de part\u00edculas y contaminantes<\/strong>. En cambio, si empeora, puede <strong>entra\u00f1ar riesgos para el medioambiente y nuestra salud<\/strong>.<\/p>\n\n\n\n<p>La calidad del aire se describe de acuerdo con el <strong>\u00cdndice de Calidad del Aire (ICA)<\/strong>, que se basa en la <strong>concentraci\u00f3n de contaminantes presentes en un lugar concreto<\/strong>.<\/p>\n\n\n\n<div class=\"wp-block-stackable-heading stk-block-heading stk-block stk-921f85d\" id=\"strong-que-es-el-indice-de-calidad-del-aire-ica-strong\" data-block-id=\"921f85d\"><h2 class=\"stk-block-heading__text\"><strong>\u00bfQu\u00e9 es el \u00cdndice de Calidad del Aire (ICA)?<\/strong><\/h2><\/div>\n\n\n\n<p>El <a href=\"https:\/\/ica.miteco.es\/\" target=\"_blank\" rel=\"noreferrer noopener\"><strong>\u00cdndice de Calidad del Aire (ICA)<\/strong><\/a><strong> <\/strong>es una herramienta utilizada para <strong>medir la calidad del aire en un \u00e1rea espec\u00edfica<\/strong>. El ICA se basa en los <strong>niveles de varios contaminantes atmosf\u00e9ricos<\/strong>, que tienen un m\u00e1ximo recomendado. Los contaminantes que se consideran en el \u00edndice son:<\/p>\n\n\n\n<ul><li><strong>PM10<\/strong>: son peque\u00f1as <strong>part\u00edculas de polvo, cenizas, holl\u00edn, o incluso polen<\/strong>, cuyo di\u00e1metro es inferior a las 10 micras.<\/li><li><strong>PM2,5<\/strong>: son part\u00edculas muy peque\u00f1as suspendidas en el aire que tienen un di\u00e1metro de menos de 2,5 micras. La materia incluye <strong>sustancias qu\u00edmicas org\u00e1nicas, polvo, holl\u00edn y metales<\/strong>.<\/li><li><strong>Ozono troposf\u00e9rico<\/strong>: es el ozono que se encuentra a nivel del suelo, tambi\u00e9n conocido como <strong>\u201cozono malo\u201d<\/strong> por sus <strong>efectos negativos sobre la salud<\/strong>.<\/li><li><strong>Di\u00f3xido de nitr\u00f3geno<\/strong>: se trata de un contaminante atmosf\u00e9rico, cuya fuente fundamental es el <strong>tr\u00e1fico rodado<\/strong>.<\/li><li><strong>Di\u00f3xido de azufre<\/strong>: es un gas que genera, sobre todo, el sector industrial, y que puede provocar <strong>irritaci\u00f3n ocular<\/strong>.<\/li><\/ul>\n\n\n\n<p>El ICA se utiliza para <strong>clasificar la ideonidad del aire en diferentes niveles, desde \u00abbuena\u00bb hasta \u00abextremadamente desfavorable\u00bb<\/strong>. Los colores, que van del azul al morado pasando por el amarillo, se utilizan para indicar los diferentes niveles, ofreciendo una informaci\u00f3n muy \u00fatil para proteger nuestra salud.<\/p>\n\n\n\n<div class=\"wp-block-stackable-heading stk-block-heading stk-block stk-6c7d6d0\" id=\"strong-por-que-es-importante-strong\" data-block-id=\"6c7d6d0\"><h2 class=\"stk-block-heading__text\"><strong>\u00bfPor qu\u00e9 es importante?<\/strong><\/h2><\/div>\n\n\n\n<p>La calidad del aire puede tener un impacto significativo en nuestra salud y bienestar. La <strong>exposici\u00f3n a las part\u00edculas contaminantes<\/strong> puede <strong>aumentar el riesgo de enfermedades, especialmente, las respiratorias<\/strong>, como el asma, la bronquitis y la <a href=\"\/\/salud\/epoc-causas-y-sintomas\/\" target=\"_blank\" rel=\"noreferrer noopener\">enfermedad pulmonar obstructiva cr\u00f3nica (EPOC)<\/a>. Adem\u00e1s, la exposici\u00f3n a la contaminaci\u00f3n atmosf\u00e9rica puede <strong>aumentar el riesgo de c\u00e1ncer de pulm\u00f3n y otros tipos de c\u00e1ncer<\/strong>.<\/p>\n\n\n\n<p>Los <strong>ni\u00f1os<\/strong>, las <strong>personas mayores<\/strong> y las <strong>personas con enfermedades preexistentes<\/strong> son particularmente vulnerables a los efectos de la contaminaci\u00f3n atmosf\u00e9rica. Por eso es importante <strong>tomar medidas para reducir la exposici\u00f3n a la contaminaci\u00f3n atmosf\u00e9rica<\/strong>. Esto puede incluir <strong>evitar el ejercicio al aire libre durante per\u00edodos de alta contaminaci\u00f3n atmosf\u00e9rica<\/strong> o usar filtros de aire en interiores.<\/p>\n\n\n\n<div class=\"wp-block-stackable-icon-box stk-block-icon-box stk-block stk-cc5d1c0\" data-block-id=\"cc5d1c0\"><style>.stk-cc5d1c0-container{background-color:#efeee9 !important}.stk-cc5d1c0-container:before{background-color:#efeee9 !important}<\/style><div class=\"stk-block-content stk-inner-blocks stk-block-icon-box__content stk-container stk-cc5d1c0-container stk-hover-parent\">\n<div class=\"wp-block-stackable-icon-label stk-block-icon-label stk-block stk-8fdff40\" data-block-id=\"8fdff40\"><div class=\"stk-row stk-inner-blocks stk-block-content\">\n<div class=\"wp-block-stackable-icon stk-block-icon has-text-align-left stk-block stk-dd0eb37\" data-block-id=\"dd0eb37\"><style>.stk-dd0eb37 .stk--svg-wrapper .stk--inner-svg svg:last-child,.stk-dd0eb37 .stk--svg-wrapper .stk--inner-svg svg:last-child :is(g,path,rect,polygon,ellipse){fill:#085086 !important}<\/style><span class=\"stk--svg-wrapper\"><div class=\"stk--inner-svg\"><svg style=\"height:0;width:0\"><defs><linearGradient id=\"linear-gradient-dd0eb37\" x1=\"0\" x2=\"100%\" y1=\"0\" y2=\"0\"><stop offset=\"0%\" style=\"stop-opacity:1;stop-color:var(--linear-gradient-dd-0-eb-37-color-1)\"><\/stop><stop offset=\"100%\" style=\"stop-opacity:1;stop-color:var(--linear-gradient-dd-0-eb-37-color-2)\"><\/stop><\/linearGradient><\/defs><\/svg><svg aria-hidden=\"true\" focusable=\"false\" data-prefix=\"fas\" data-icon=\"asterisk\" class=\"svg-inline--fa fa-asterisk fa-w-16\" xmlns=\"http:\/\/www.w3.org\/2000\/svg\" viewBox=\"0 0 512 512\" width=\"32\" height=\"32\"><path fill=\"currentColor\" d=\"M478.21 334.093L336 256l142.21-78.093c11.795-6.477 15.961-21.384 9.232-33.037l-19.48-33.741c-6.728-11.653-21.72-15.499-33.227-8.523L296 186.718l3.475-162.204C299.763 11.061 288.937 0 275.48 0h-38.96c-13.456 0-24.283 11.061-23.994 24.514L216 186.718 77.265 102.607c-11.506-6.976-26.499-3.13-33.227 8.523l-19.48 33.741c-6.728 11.653-2.562 26.56 9.233 33.037L176 256 33.79 334.093c-11.795 6.477-15.961 21.384-9.232 33.037l19.48 33.741c6.728 11.653 21.721 15.499 33.227 8.523L216 325.282l-3.475 162.204C212.237 500.939 223.064 512 236.52 512h38.961c13.456 0 24.283-11.061 23.995-24.514L296 325.282l138.735 84.111c11.506 6.976 26.499 3.13 33.227-8.523l19.48-33.741c6.728-11.653 2.563-26.559-9.232-33.036z\"><\/path><\/svg><\/div><\/span><\/div>\n\n\n\n<div class=\"wp-block-stackable-heading stk-block-heading stk-block stk-33f377c\" id=\"recuerda\" data-block-id=\"33f377c\"><h4 class=\"stk-block-heading__text\">Recuerda<\/h4><\/div>\n<\/div><\/div>\n\n\n\n<div class=\"wp-block-stackable-heading stk-block-heading stk-block stk-bb99883\" id=\"el-cerebro-es-el-organo-mas-complejo-del-cuerpo-humano-debido-a-que-es-el-que-controla-el-resto-de-los-organos\" data-block-id=\"bb99883\"><style>.stk-bb99883{margin-bottom:0px !important}<\/style><h5 class=\"stk-block-heading__text\">La calidad del aire se refiere a la composici\u00f3n qu\u00edmica y la cantidad de part\u00edculas en el aire que respiramos.<\/h5><\/div>\n\n\n\n<div class=\"wp-block-stackable-heading stk-block-heading stk-block stk-962ad5b\" id=\"el-indice-de-calidad-del-aire-ica-es-una-herramienta-utilizada-para-medir-su-idoneidad-en-un-area-especifica\" data-block-id=\"962ad5b\"><style>.stk-962ad5b{margin-bottom:0px !important}<\/style><h5 class=\"stk-block-heading__text\">El \u00cdndice de Calidad del Aire (ICA) es una herramienta utilizada para medir su idoneidad en un \u00e1rea espec\u00edfica.<\/h5><\/div>\n\n\n\n<div class=\"wp-block-stackable-heading stk-block-heading stk-block stk-ac9fffa\" id=\"la-exposicion-a-las-particulas-contaminantes-puede-aumentar-el-riesgo-de-enfermedades-especialmente-las-respiratorias\" data-block-id=\"ac9fffa\"><style>.stk-ac9fffa{margin-bottom:0px !important}<\/style><h5 class=\"stk-block-heading__text\">La exposici\u00f3n a las part\u00edculas contaminantes puede aumentar el riesgo de enfermedades, especialmente, las respiratorias.<\/h5><\/div>\n<\/div><\/div>\n","protected":false},"excerpt":{"rendered":"<p>La calidad del aire se refiere a la composici\u00f3n qu\u00edmica y la cantidad de part\u00edculas en el aire que respiramos. Cuando la es buena, el cielo est\u00e1 claro y, por lo general, solo contendr\u00e1 peque\u00f1as cantidades de part\u00edculas y contaminantes. En cambio, si empeora, puede entra\u00f1ar riesgos para el medioambiente y nuestra salud. La calidad &#8230; <\/p>\n<p class=\"read-more-container\"><a title=\"\u00bfQu\u00e9 es la calidad del aire y por qu\u00e9 es importante?\" class=\"read-more button\" href=\"\/blog\/vida-sostenible\/que-es-la-calidad-del-aire-y-por-que-es-importante\/#more-13830\" aria-label=\"Leer m\u00e1s sobre \u00bfQu\u00e9 es la calidad del aire y por qu\u00e9 es importante?\">Leer m\u00e1s<\/a><\/p>\n","protected":false},"author":8,"featured_media":13834,"comment_status":"closed","ping_status":"closed","sticky":false,"template":"","format":"standard","meta":{"_coblocks_attr":"","_coblocks_dimensions":"","_coblocks_responsive_height":"","_coblocks_accordion_ie_support":"","om_disable_all_campaigns":false,"_uf_show_specific_survey":0,"_uf_disable_surveys":false,"twitterCardType":"","cardImageID":0,"cardImage":"","cardTitle":"","cardDesc":"","cardImageAlt":"","cardPlayer":"","cardPlayerWidth":0,"cardPlayerHeight":0,"cardPlayerStream":"","cardPlayerCodec":"","footnotes":""},"categories":[89,91],"tags":[174],"aioseo_notices":[],"featured_image_src":"\/blog\/wp-content\/uploads\/2023\/05\/Calidad-del-aire-600x400.jpg","featured_image_src_square":"\/blog\/wp-content\/uploads\/2023\/05\/Calidad-del-aire-600x600.jpg","author_info":{"display_name":"ASISA","author_link":"\/blog\/author\/laragsoto\/"},"_links":{"self":[{"href":"\/blog\/wp-json\/wp\/v2\/posts\/13830"}],"collection":[{"href":"\/blog\/wp-json\/wp\/v2\/posts"}],"about":[{"href":"\/blog\/wp-json\/wp\/v2\/types\/post"}],"author":[{"embeddable":true,"href":"\/blog\/wp-json\/wp\/v2\/users\/8"}],"replies":[{"embeddable":true,"href":"\/blog\/wp-json\/wp\/v2\/comments?post=13830"}],"version-history":[{"count":3,"href":"\/blog\/wp-json\/wp\/v2\/posts\/13830\/revisions"}],"predecessor-version":[{"id":13833,"href":"\/blog\/wp-json\/wp\/v2\/posts\/13830\/revisions\/13833"}],"wp:featuredmedia":[{"embeddable":true,"href":"\/blog\/wp-json\/wp\/v2\/media\/13834"}],"wp:attachment":[{"href":"\/blog\/wp-json\/wp\/v2\/media?parent=13830"}],"wp:term":[{"taxonomy":"category","embeddable":true,"href":"\/blog\/wp-json\/wp\/v2\/categories?post=13830"},{"taxonomy":"post_tag","embeddable":true,"href":"\/blog\/wp-json\/wp\/v2\/tags?post=13830"}],"curies":[{"name":"wp","href":"https:\/\/api.w.org\/{rel}","templated":true}]}}