{"id":13465,"date":"2023-02-14T14:02:15","date_gmt":"2023-02-14T12:02:15","guid":{"rendered":"https:\/\/www.blogdeasisa.es\/?p=13465"},"modified":"2023-02-21T10:48:56","modified_gmt":"2023-02-21T08:48:56","slug":"que-es-el-mutismo-selectivo-y-como-se-detecta","status":"publish","type":"post","link":"\/blog\/salud\/que-es-el-mutismo-selectivo-y-como-se-detecta\/","title":{"rendered":"\u00bfQu\u00e9 es el mutismo selectivo y c\u00f3mo se detecta?"},"content":{"rendered":"\n<p>El <strong>mutismo selectivo<\/strong> es un trastorno caracterizado por la <strong>incapacidad de hablar o comunicarse en determinados entornos sociales<\/strong>. Es com\u00fan que suceda en la <strong>etapa infantil<\/strong>, aunque pueden darse situaciones en que afecte a adultos.<\/p>\n\n\n\n<p>Se estima que <strong>menos del 1% de los ni\u00f1os tienen mutismo selectivo<\/strong>. Sin embargo, hay que tener en cuenta que esta afecci\u00f3n puede tener una serie de <strong>consecuencias<\/strong>, especialmente, si no se trata. Por ejemplo, puede conducir a <strong>problemas acad\u00e9micos, baja autoestima, aislamiento social y ansiedad social<\/strong>.<\/p>\n\n\n\n<div class=\"wp-block-stackable-heading stk-block-heading stk-block stk-ce9bb4e\" id=\"strong-como-detectar-el-mutismo-selectivo-en-un-nino-strong\" data-block-id=\"ce9bb4e\"><h2 class=\"stk-block-heading__text\"><strong>C\u00f3mo detectar el mutismo selectivo en un ni\u00f1o<\/strong><\/h2><\/div>\n\n\n\n<p>Aunque <a href=\"https:\/\/aepnya.eu\/index.php\/revistaaepnya\/article\/view\/511\/396\" target=\"_blank\" rel=\"noopener\">los estudios<\/a> <strong>no alcanzan a comprender qu\u00e9 factores causan este trastorno,<\/strong> s\u00ed se han descrito los <strong>signos y s\u00edntomas del mutismo selectivo<\/strong>. Estos son 4 de ellos:<\/p>\n\n\n\n<ol type=\"1\"><li><strong>Disminuci\u00f3n y desaparici\u00f3n del habla ante ciertas circunstancias o personas<\/strong>. Cuando el ni\u00f1o se encuentra en un contexto social alejado de su c\u00edrculo m\u00e1s cercano, deja de hablar.<\/li><li><strong>Comunicaci\u00f3n normal en el hogar<\/strong>. En cambio, cuando est\u00e1 en casa, el ni\u00f1o s\u00ed habla con normalidad.<\/li><li><strong>Muestra signos de querer expresarse<\/strong>. Es posible que, cuando no es capaz de hablar, el ni\u00f1o trate de <strong>comunicarse con gestos<\/strong>, aunque no pronuncie ninguna palabra.<\/li><li><strong>Estos s\u00edntomas se producen durante, al menos, un mes<\/strong>. Si pasa un mes y el ni\u00f1o contin\u00faa teniendo este comportamiento, es posible que se trate de un caso de este trastorno. Se <strong>recomienda no tener en cuenta el primer mes de colegio<\/strong>, en el que puede haber m\u00e1s tendencia a la <strong>timidez<\/strong>.<\/li><\/ol>\n\n\n\n<p>Por tanto, <strong>no se trata de que el ni\u00f1o carezca de habilidades comunicativas<\/strong>, sino que <strong>no puede ponerlas en marcha<\/strong>. Por eso es recomendable acudir a un profesional para que haga la valoraci\u00f3n pertinente.<\/p>\n\n\n\n<div class=\"wp-block-stackable-heading stk-block-heading stk-block stk-8b1201b\" id=\"strong-que-hago-si-mi-hijo-tiene-mutismo-selectivo-strong\" data-block-id=\"8b1201b\"><h2 class=\"stk-block-heading__text\"><strong>\u00bfQu\u00e9 hago si mi hijo tiene mutismo selectivo?<\/strong><\/h2><\/div>\n\n\n\n<p>El primer paso para ayudar a un ni\u00f1o con mutismo selectivo es <strong>buscar a un profesional<\/strong> que trate este tipo de trastornos. Sin embargo, existen algunos <strong>consejos \u00fatiles para padres con hijos con mutismo selectivo<\/strong>:<\/p>\n\n\n\n<ul><li><strong>Informa a su profesor o profesora<\/strong>: los profesores deben saber <strong>que el comportamiento del ni\u00f1o no es intencional<\/strong>. Adem\u00e1s, <strong>est\u00e1n formados para tratar a alumnos con esta condici\u00f3n<\/strong>. Por tanto, es importante avisar en el colegio de que el ni\u00f1o tiene mutismo selectivo.<\/li><li><strong>Ap\u00fantale a actividades apropiadas<\/strong>: a la hora de elegir actividades extraescolares, es recomendable <strong>no obligar al ni\u00f1o a participar en situaciones que requieran comunicaci\u00f3n oral<\/strong>. Opta por otras como la pintura, rob\u00f3tica, etc\u00e9tera.<\/li><li><strong>Recompensa los avances<\/strong>: premia los avances en su comunicaci\u00f3n. Es importante entender que <strong>existe un miedo a hablar<\/strong>, por lo que es recomendable <strong>positivizar el habla, no negativizar el silencio<\/strong>.<\/li><li><strong>No le presiones<\/strong>: la aceptaci\u00f3n de la familia es un paso muy importante en el tratamiento del mutismo selectivo. Cuando presionamos a un ni\u00f1o con este trastorno, podemos estar <strong>elevando sus niveles de <\/strong><a href=\"\/\/salud\/podemos-gestionar-estres-la-ansiedad\/\"><strong>ansiedad<\/strong><\/a>. Es m\u00e1s importante enfocarse en mostrarle apoyo.<\/li><\/ul>\n\n\n\n<p>El mutismo selectivo <strong>se supera en la gran mayor\u00eda de los casos con muy buen pron\u00f3stico<\/strong>. Por tanto, es fundamental estar atentos a sus signos para darle soluci\u00f3n cuanto antes.<strong><\/strong><\/p>\n\n\n\n<div class=\"wp-block-stackable-icon-box stk-block-icon-box stk-block stk-cc5d1c0\" data-block-id=\"cc5d1c0\"><style>.stk-cc5d1c0-container{background-color:#efeee9 !important}.stk-cc5d1c0-container:before{background-color:#efeee9 !important}<\/style><div class=\"stk-block-content stk-inner-blocks stk-block-icon-box__content stk-container stk-cc5d1c0-container stk-hover-parent\">\n<div class=\"wp-block-stackable-icon-label stk-block-icon-label stk-block stk-8fdff40\" data-block-id=\"8fdff40\"><div class=\"stk-row stk-inner-blocks stk-block-content\">\n<div class=\"wp-block-stackable-icon stk-block-icon has-text-align-left stk-block stk-dd0eb37\" data-block-id=\"dd0eb37\"><style>.stk-dd0eb37 .stk--svg-wrapper .stk--inner-svg svg:last-child,.stk-dd0eb37 .stk--svg-wrapper .stk--inner-svg svg:last-child :is(g,path,rect,polygon,ellipse){fill:#085086 !important}<\/style><span class=\"stk--svg-wrapper\"><div class=\"stk--inner-svg\"><svg style=\"height:0;width:0\"><defs><linearGradient id=\"linear-gradient-dd0eb37\" x1=\"0\" x2=\"100%\" y1=\"0\" y2=\"0\"><stop offset=\"0%\" style=\"stop-opacity:1;stop-color:var(--linear-gradient-dd-0-eb-37-color-1)\"><\/stop><stop offset=\"100%\" style=\"stop-opacity:1;stop-color:var(--linear-gradient-dd-0-eb-37-color-2)\"><\/stop><\/linearGradient><\/defs><\/svg><svg aria-hidden=\"true\" focusable=\"false\" data-prefix=\"fas\" data-icon=\"asterisk\" class=\"svg-inline--fa fa-asterisk fa-w-16\" xmlns=\"http:\/\/www.w3.org\/2000\/svg\" viewBox=\"0 0 512 512\" width=\"32\" height=\"32\"><path fill=\"currentColor\" d=\"M478.21 334.093L336 256l142.21-78.093c11.795-6.477 15.961-21.384 9.232-33.037l-19.48-33.741c-6.728-11.653-21.72-15.499-33.227-8.523L296 186.718l3.475-162.204C299.763 11.061 288.937 0 275.48 0h-38.96c-13.456 0-24.283 11.061-23.994 24.514L216 186.718 77.265 102.607c-11.506-6.976-26.499-3.13-33.227 8.523l-19.48 33.741c-6.728 11.653-2.562 26.56 9.233 33.037L176 256 33.79 334.093c-11.795 6.477-15.961 21.384-9.232 33.037l19.48 33.741c6.728 11.653 21.721 15.499 33.227 8.523L216 325.282l-3.475 162.204C212.237 500.939 223.064 512 236.52 512h38.961c13.456 0 24.283-11.061 23.995-24.514L296 325.282l138.735 84.111c11.506 6.976 26.499 3.13 33.227-8.523l19.48-33.741c6.728-11.653 2.563-26.559-9.232-33.036z\"><\/path><\/svg><\/div><\/span><\/div>\n\n\n\n<div class=\"wp-block-stackable-heading stk-block-heading stk-block stk-33f377c\" id=\"recuerda\" data-block-id=\"33f377c\"><h4 class=\"stk-block-heading__text\">Recuerda<\/h4><\/div>\n<\/div><\/div>\n\n\n\n<div class=\"wp-block-stackable-heading stk-block-heading stk-block stk-bb99883\" id=\"el-cerebro-es-el-organo-mas-complejo-del-cuerpo-humano-debido-a-que-es-el-que-controla-el-resto-de-los-organos\" data-block-id=\"bb99883\"><style>.stk-bb99883{margin-bottom:0px !important}<\/style><h5 class=\"stk-block-heading__text\">El mutismo selectivo es trastorno caracterizado por la incapacidad de hablar o comunicarse en determinados entornos sociales.<\/h5><\/div>\n\n\n\n<div class=\"wp-block-stackable-heading stk-block-heading stk-block stk-962ad5b\" id=\"menos-del-1-de-los-ninos-padecen-este-trastorno\" data-block-id=\"962ad5b\"><style>.stk-962ad5b{margin-bottom:0px !important}<\/style><h5 class=\"stk-block-heading__text\">Menos del 1% de los ni\u00f1os padecen este trastorno.<\/h5><\/div>\n\n\n\n<div class=\"wp-block-stackable-heading stk-block-heading stk-block stk-3394bce\" id=\"si-un-nino-habla-en-casa-pero-es-incapaz-de-hacerlo-en-otros-contextos-sociales-es-posible-que-estemos-ante-un-caso-de-mutismo-selectivo\" data-block-id=\"3394bce\"><h5 class=\"stk-block-heading__text\">Si un ni\u00f1o habla en casa pero es incapaz de hacerlo en otros contextos sociales, es posible que estemos ante un caso de mutismo selectivo.<\/h5><\/div>\n<\/div><\/div>\n","protected":false},"excerpt":{"rendered":"<p>El mutismo selectivo es un trastorno caracterizado por la incapacidad de hablar o comunicarse en determinados entornos sociales. Es com\u00fan que suceda en la etapa infantil, aunque pueden darse situaciones en que afecte a adultos. Se estima que menos del 1% de los ni\u00f1os tienen mutismo selectivo. Sin embargo, hay que tener en cuenta que &#8230; <\/p>\n<p class=\"read-more-container\"><a title=\"\u00bfQu\u00e9 es el mutismo selectivo y c\u00f3mo se detecta?\" class=\"read-more button\" href=\"\/blog\/salud\/que-es-el-mutismo-selectivo-y-como-se-detecta\/#more-13465\" aria-label=\"Leer m\u00e1s sobre \u00bfQu\u00e9 es el mutismo selectivo y c\u00f3mo se detecta?\">Leer m\u00e1s<\/a><\/p>\n","protected":false},"author":8,"featured_media":13476,"comment_status":"closed","ping_status":"closed","sticky":false,"template":"","format":"video","meta":{"_coblocks_attr":"","_coblocks_dimensions":"","_coblocks_responsive_height":"","_coblocks_accordion_ie_support":"","om_disable_all_campaigns":false,"_uf_show_specific_survey":0,"_uf_disable_surveys":false,"twitterCardType":"","cardImageID":0,"cardImage":"","cardTitle":"","cardDesc":"","cardImageAlt":"","cardPlayer":"","cardPlayerWidth":0,"cardPlayerHeight":0,"cardPlayerStream":"","cardPlayerCodec":"","footnotes":""},"categories":[3,80],"tags":[174],"aioseo_notices":[],"featured_image_src":"\/blog\/wp-content\/uploads\/2023\/02\/Mutismo-selectivo-comunicacion-infantil-600x400.jpg","featured_image_src_square":"\/blog\/wp-content\/uploads\/2023\/02\/Mutismo-selectivo-comunicacion-infantil-600x600.jpg","author_info":{"display_name":"ASISA","author_link":"\/blog\/author\/laragsoto\/"},"_links":{"self":[{"href":"\/blog\/wp-json\/wp\/v2\/posts\/13465"}],"collection":[{"href":"\/blog\/wp-json\/wp\/v2\/posts"}],"about":[{"href":"\/blog\/wp-json\/wp\/v2\/types\/post"}],"author":[{"embeddable":true,"href":"\/blog\/wp-json\/wp\/v2\/users\/8"}],"replies":[{"embeddable":true,"href":"\/blog\/wp-json\/wp\/v2\/comments?post=13465"}],"version-history":[{"count":5,"href":"\/blog\/wp-json\/wp\/v2\/posts\/13465\/revisions"}],"predecessor-version":[{"id":13487,"href":"\/blog\/wp-json\/wp\/v2\/posts\/13465\/revisions\/13487"}],"wp:featuredmedia":[{"embeddable":true,"href":"\/blog\/wp-json\/wp\/v2\/media\/13476"}],"wp:attachment":[{"href":"\/blog\/wp-json\/wp\/v2\/media?parent=13465"}],"wp:term":[{"taxonomy":"category","embeddable":true,"href":"\/blog\/wp-json\/wp\/v2\/categories?post=13465"},{"taxonomy":"post_tag","embeddable":true,"href":"\/blog\/wp-json\/wp\/v2\/tags?post=13465"}],"curies":[{"name":"wp","href":"https:\/\/api.w.org\/{rel}","templated":true}]}}