{"id":13233,"date":"2022-12-21T16:50:48","date_gmt":"2022-12-21T14:50:48","guid":{"rendered":"https:\/\/www.blogdeasisa.es\/?p=13233"},"modified":"2023-07-31T14:38:48","modified_gmt":"2023-07-31T12:38:48","slug":"por-que-el-dolor-de-cabeza-esta-relacionado-con-una-mala-mordida","status":"publish","type":"post","link":"\/blog\/salud\/por-que-el-dolor-de-cabeza-esta-relacionado-con-una-mala-mordida\/","title":{"rendered":"\u00bfPor qu\u00e9 el dolor de cabeza est\u00e1 relacionado con una mala mordida?"},"content":{"rendered":"\n<p>En ocasiones, un dolor de cabeza puede estar relacionado con la salud dental. Algunas de las causas m\u00e1s conocidas del <strong>dolor de cabeza est\u00e1n relacionadas con una mala mordida<\/strong>, el rechinar de los dientes, caries y otras enfermedades bucales. &nbsp;<\/p>\n\n\n\n<p><strong>\u00bfCu\u00e1l es la relaci\u00f3n entre del dolor de cabeza y la salud dental?<\/strong><\/p>\n\n\n\n<p>Si los dienten no encajan de forma adecuada, puede producir una desviaci\u00f3n de mand\u00edbula que, a la larga, afecta de manera negativa a los m\u00fasculos del cuello, la cara, la espalda y genera tambi\u00e9n dolores de cabeza. Algunos de los problemas de salud dental relacionados con el dolor de cabeza son:<\/p>\n\n\n\n<ul>\n<li><strong>Mala mordida:<\/strong> tambi\u00e9n se llama oclusi\u00f3n dental y hace referencia a la forma en que los dientes se juntan cuando las mand\u00edbulas muerden.<\/li>\n\n\n\n<li><strong><a href=\"\/\/salud\/bruxismo-causas-consecuencias-tratamiento\/\" target=\"_blank\" rel=\"noreferrer noopener\">Bruxismo<\/a>:<\/strong> apretar, desplazar hacia los lados o rechinar los dientes, adem\u00e1s de producir desgaste en los dientes, puede provocar migra\u00f1a o cefalea, adem\u00e1s de dolor de o\u00eddos, de cuello y hombros.<\/li>\n\n\n\n<li><strong>Infecciones:<\/strong> por ejemplo, las caries, pueden provocar la sinusitis maxilar, que causa dolores de cabeza y cierta sensibilidad en los p\u00f3mulos y en la zona alrededor de los ojos.<\/li>\n<\/ul>\n\n\n\n<p>De hecho, el 53 % de los pacientes con problemas en la mand\u00edbula tambi\u00e9n padecen dolores de cabeza y el 54 % dolores de cuello, seg\u00fan desvela un estudio del <a href=\"https:\/\/cfisiomad.org\/\" target=\"_blank\" rel=\"noopener\">Colegio Profesional de Fisioterapeutas de la Comunidad de Madrid (CPFCM)<\/a>, en relaci\u00f3n entre el dolor de cabeza y la salud dental.<\/p>\n\n\n\n<div class=\"wp-block-stackable-heading stk-block-heading stk-block stk-2c8aca6\" id=\"strong-strong-podemos-prevenir-el-dolor-de-cabeza-relacionado-con-la-salud-bucal-strong-strong\" data-block-id=\"2c8aca6\"><h2 class=\"stk-block-heading__text\"><strong><strong>\u00bfPodemos prevenir el dolor de cabeza relacionado con la salud bucal?<\/strong><\/strong><\/h2><\/div>\n\n\n\n<p>En muchas ocasiones, la relaci\u00f3n entre el dolor de cabeza y la salud dental, se descubre tras pasar por otros especialistas, buscando el origen de su dolor.<\/p>\n\n\n\n<p>\u00bfHay alguna manera de poder evitar estos dolores relacionados con la salud bucal? Lo principal es mantener una buena higiene dental y acudir al especialista para realizar las revisiones adecuadas.<\/p>\n\n\n\n<p>Una vez visitado el especialista, tambi\u00e9n hay otras formas de corregir esos dolores como la ortodoncia, pr\u00f3tesis, tallado selectivo o confeccionando una f\u00e9rula de descarga. A veces, todo esto es mucho m\u00e1s complejo y suele precisar de la colaboraci\u00f3n de otras especialidades como cirug\u00eda maxilofacial, fisioterapia, psiquiatr\u00eda, logopedia\u2026 Lo cierto es que al final el \u00e9xito de \u00e9ste tratamiento est\u00e1 en el trabajo de equipo.<\/p>\n\n\n\n<div class=\"wp-block-stackable-icon-box stk-block-icon-box stk-block stk-cc5d1c0\" data-block-id=\"cc5d1c0\"><style>.stk-cc5d1c0-container{background-color:#efeee9 !important}.stk-cc5d1c0-container:before{background-color:#efeee9 !important}<\/style><div class=\"stk-block-content stk-inner-blocks stk-block-icon-box__content stk-container stk-cc5d1c0-container stk-hover-parent\">\n<div class=\"wp-block-stackable-icon-label stk-block-icon-label stk-block stk-8fdff40\" data-block-id=\"8fdff40\"><div class=\"stk-row stk-inner-blocks stk-block-content\">\n<div class=\"wp-block-stackable-icon stk-block-icon has-text-align-left stk-block stk-dd0eb37\" data-block-id=\"dd0eb37\"><style>.stk-dd0eb37 .stk--svg-wrapper .stk--inner-svg svg:last-child,.stk-dd0eb37 .stk--svg-wrapper .stk--inner-svg svg:last-child :is(g,path,rect,polygon,ellipse){fill:#085086 !important}<\/style><span class=\"stk--svg-wrapper\"><div class=\"stk--inner-svg\"><svg style=\"height:0;width:0\"><defs><linearGradient id=\"linear-gradient-dd0eb37\" x1=\"0\" x2=\"100%\" y1=\"0\" y2=\"0\"><stop offset=\"0%\" style=\"stop-opacity:1;stop-color:var(--linear-gradient-dd-0-eb-37-color-1)\"><\/stop><stop offset=\"100%\" style=\"stop-opacity:1;stop-color:var(--linear-gradient-dd-0-eb-37-color-2)\"><\/stop><\/linearGradient><\/defs><\/svg><svg aria-hidden=\"true\" focusable=\"false\" data-prefix=\"fas\" data-icon=\"asterisk\" class=\"svg-inline--fa fa-asterisk fa-w-16\" xmlns=\"http:\/\/www.w3.org\/2000\/svg\" viewBox=\"0 0 512 512\" width=\"32\" height=\"32\"><path fill=\"currentColor\" d=\"M478.21 334.093L336 256l142.21-78.093c11.795-6.477 15.961-21.384 9.232-33.037l-19.48-33.741c-6.728-11.653-21.72-15.499-33.227-8.523L296 186.718l3.475-162.204C299.763 11.061 288.937 0 275.48 0h-38.96c-13.456 0-24.283 11.061-23.994 24.514L216 186.718 77.265 102.607c-11.506-6.976-26.499-3.13-33.227 8.523l-19.48 33.741c-6.728 11.653-2.562 26.56 9.233 33.037L176 256 33.79 334.093c-11.795 6.477-15.961 21.384-9.232 33.037l19.48 33.741c6.728 11.653 21.721 15.499 33.227 8.523L216 325.282l-3.475 162.204C212.237 500.939 223.064 512 236.52 512h38.961c13.456 0 24.283-11.061 23.995-24.514L296 325.282l138.735 84.111c11.506 6.976 26.499 3.13 33.227-8.523l19.48-33.741c6.728-11.653 2.563-26.559-9.232-33.036z\"><\/path><\/svg><\/div><\/span><\/div>\n\n\n\n<div class=\"wp-block-stackable-heading stk-block-heading stk-block stk-33f377c\" id=\"recuerda\" data-block-id=\"33f377c\"><h4 class=\"stk-block-heading__text\">Recuerda<\/h4><\/div>\n<\/div><\/div>\n\n\n\n<div class=\"wp-block-stackable-heading stk-block-heading stk-block stk-bb99883\" id=\"el-cerebro-es-el-organo-mas-complejo-del-cuerpo-humano-debido-a-que-es-el-que-controla-el-resto-de-los-organos\" data-block-id=\"bb99883\"><style>.stk-bb99883{margin-bottom:0px !important}<\/style><h5 class=\"stk-block-heading__text\">Un dolor de cabeza puede estar relacionado con la salud dental.<\/h5><\/div>\n\n\n\n<div class=\"wp-block-stackable-heading stk-block-heading stk-block stk-962ad5b\" id=\"las-causas-mas-habituales-son-una-mala-mordida-el-bruxismo-o-las-infecciones\" data-block-id=\"962ad5b\"><style>.stk-962ad5b{margin-bottom:0px !important}<\/style><h5 class=\"stk-block-heading__text\">Las causas m\u00e1s habituales son una mala mordida, el bruxismo, o las infecciones.<\/h5><\/div>\n\n\n\n<div class=\"wp-block-stackable-heading stk-block-heading stk-block stk-3394bce\" id=\"lo-principal-es-mantener-una-buena-higiene-dental-y-acudir-al-especialista\" data-block-id=\"3394bce\"><h5 class=\"stk-block-heading__text\">Lo principal es mantener una buena higiene dental y acudir al especialista.<\/h5><\/div>\n<\/div><\/div>\n","protected":false},"excerpt":{"rendered":"<p>En ocasiones, un dolor de cabeza puede estar relacionado con la salud dental. Algunas de las causas m\u00e1s conocidas del dolor de cabeza est\u00e1n relacionadas con una mala mordida, el rechinar de los dientes, caries y otras enfermedades bucales. &nbsp; \u00bfCu\u00e1l es la relaci\u00f3n entre del dolor de cabeza y la salud dental? Si los &#8230; <\/p>\n<p class=\"read-more-container\"><a title=\"\u00bfPor qu\u00e9 el dolor de cabeza est\u00e1 relacionado con una mala mordida?\" class=\"read-more button\" href=\"\/blog\/salud\/por-que-el-dolor-de-cabeza-esta-relacionado-con-una-mala-mordida\/#more-13233\" aria-label=\"Leer m\u00e1s sobre \u00bfPor qu\u00e9 el dolor de cabeza est\u00e1 relacionado con una mala mordida?\">Leer m\u00e1s<\/a><\/p>\n","protected":false},"author":8,"featured_media":13235,"comment_status":"closed","ping_status":"closed","sticky":false,"template":"","format":"standard","meta":{"_coblocks_attr":"","_coblocks_dimensions":"","_coblocks_responsive_height":"","_coblocks_accordion_ie_support":"","om_disable_all_campaigns":false,"_uf_show_specific_survey":0,"_uf_disable_surveys":false,"twitterCardType":"","cardImageID":0,"cardImage":"","cardTitle":"","cardDesc":"","cardImageAlt":"","cardPlayer":"","cardPlayerWidth":0,"cardPlayerHeight":0,"cardPlayerStream":"","cardPlayerCodec":"","footnotes":""},"categories":[3,296],"tags":[174],"aioseo_notices":[],"featured_image_src":"\/blog\/wp-content\/uploads\/2022\/12\/Relacion-entre-el-dolor-de-cabeza-y-la-salud-dental-600x400.jpg","featured_image_src_square":"\/blog\/wp-content\/uploads\/2022\/12\/Relacion-entre-el-dolor-de-cabeza-y-la-salud-dental-600x600.jpg","author_info":{"display_name":"ASISA","author_link":"\/blog\/author\/laragsoto\/"},"_links":{"self":[{"href":"\/blog\/wp-json\/wp\/v2\/posts\/13233"}],"collection":[{"href":"\/blog\/wp-json\/wp\/v2\/posts"}],"about":[{"href":"\/blog\/wp-json\/wp\/v2\/types\/post"}],"author":[{"embeddable":true,"href":"\/blog\/wp-json\/wp\/v2\/users\/8"}],"replies":[{"embeddable":true,"href":"\/blog\/wp-json\/wp\/v2\/comments?post=13233"}],"version-history":[{"count":5,"href":"\/blog\/wp-json\/wp\/v2\/posts\/13233\/revisions"}],"predecessor-version":[{"id":14100,"href":"\/blog\/wp-json\/wp\/v2\/posts\/13233\/revisions\/14100"}],"wp:featuredmedia":[{"embeddable":true,"href":"\/blog\/wp-json\/wp\/v2\/media\/13235"}],"wp:attachment":[{"href":"\/blog\/wp-json\/wp\/v2\/media?parent=13233"}],"wp:term":[{"taxonomy":"category","embeddable":true,"href":"\/blog\/wp-json\/wp\/v2\/categories?post=13233"},{"taxonomy":"post_tag","embeddable":true,"href":"\/blog\/wp-json\/wp\/v2\/tags?post=13233"}],"curies":[{"name":"wp","href":"https:\/\/api.w.org\/{rel}","templated":true}]}}