{"id":12591,"date":"2022-08-04T13:08:17","date_gmt":"2022-08-04T11:08:17","guid":{"rendered":"https:\/\/www.blogdeasisa.es\/?p=12591"},"modified":"2022-08-12T13:44:35","modified_gmt":"2022-08-12T11:44:35","slug":"incapacidad-e-invalidez-en-que-se-diferencian","status":"publish","type":"post","link":"\/blog\/familia\/incapacidad-e-invalidez-en-que-se-diferencian\/","title":{"rendered":"Incapacidad e invalidez: \u00bfen qu\u00e9 se diferencian?"},"content":{"rendered":"\n<p>Los <strong>accidentes<\/strong> y las <strong>enfermedades<\/strong> pueden tener repercusiones para nuestra salud y nuestra vida, pero tambi\u00e9n sobre el <strong>\u00e1mbito laboral<\/strong>. Ciertas patolog\u00edas e incidentes pueden causar que no podamos trabajar durante un tiempo, o de forma indefinida. En definitiva, podr\u00edamos estar en <strong>situaciones de incapacidad o invalidez<\/strong>.<\/p>\n\n\n\n<p>Estos dos son t\u00e9rminos muy similares pero que, en la pr\u00e1ctica, <strong>significan cosas distintas<\/strong>. Conocer sus <strong>diferencias y tipos<\/strong> es muy importante, especialmente, si tenemos en cuenta que existen prestaciones sociales asociadas.<\/p>\n\n\n\n<div class=\"wp-block-stackable-heading stk-block-heading stk-block stk-a5d792d\" id=\"strong-strong-strong-strong-strong-strong-strong-strong-strong-strong-strong-diferencias-entre-incapacidad-e-invalidez-strong-strong-strong-strong-strong-strong-strong-strong-strong-strong-strong\" data-block-id=\"a5d792d\"><h2 class=\"stk-block-heading__text\"><strong><strong><strong><strong><strong><strong><strong><strong><strong><strong><strong>Diferencias entre incapacidad e invalidez<\/strong><\/strong><\/strong><\/strong><\/strong><\/strong><\/strong><\/strong><\/strong><\/strong><\/strong><\/h2><\/div>\n\n\n\n<p>La <a href=\"https:\/\/www.boe.es\/buscar\/act.php?id=BOE-A-1980-22501\" target=\"_blank\" rel=\"noopener\"><strong>Ley de Contrato de Seguro<\/strong><\/a><strong> <\/strong>es la encargada de regular las diferencias entre incapacidad e invalidez. De su lectura, se puede entender que difieren de la siguiente manera:<\/p>\n\n\n\n<ul><li><strong>Invalidez<\/strong>: es el t\u00e9rmino m\u00e9dico que indica una p\u00e9rdida funcional.<\/li><li><strong>Incapacidad<\/strong>: consecuencia derivada de una invalidez en el desempe\u00f1o laboral. Puede ser <strong>temporal <\/strong>o <strong>permanente<\/strong>, dependiendo de si existe o no recuperaci\u00f3n.<\/li><\/ul>\n\n\n\n<p>Por tanto, es necesario entender que, aunque podamos tener sufrir grado de <strong>invalidez<\/strong>, esto <strong>no significa que tengamos necesariamente una incapacidad<\/strong>. Por ejemplo, si tenemos problemas para caminar, pero <a href=\"\/\/salud\/bienestar\/la-importancia-de-las-pausas-y-el-descanso-en-el-teletrabajo\/\">trabajamos sentados<\/a>, nuestro problema de salud no afectar\u00e1 al trabajo. En cambio, si nuestra profesi\u00f3n requiere estar de pie durante horas, s\u00ed que estar\u00edamos ante un <strong>posible caso de incapacidad<\/strong>.<\/p>\n\n\n\n<div class=\"wp-block-stackable-heading stk-block-heading stk-block stk-caa1944\" id=\"strong-strong-strong-strong-strong-strong-strong-strong-strong-strong-tipos-de-incapacidad-permanente-strong-strong-strong-strong-strong-strong-strong-strong-strong-strong\" data-block-id=\"caa1944\"><h2 class=\"stk-block-heading__text\"><strong><strong><strong><strong><strong><strong><strong><strong><strong><strong>Tipos de incapacidad permanente<\/strong><\/strong><\/strong><\/strong><\/strong><\/strong><\/strong><\/strong><\/strong><\/strong><\/h2><\/div>\n\n\n\n<p>Ahora que conocemos la diferencia entre incapacidad e invalidez, es importante saber que <strong>existen varios tipos de incapacidad permanente<\/strong>. Concretamente, son 3:<\/p>\n\n\n\n<ol type=\"1\"><li><strong>Incapacidad permanente parcial<\/strong>: el afectado puede continuar desarrollando su profesi\u00f3n habitual, pero su rendimiento laboral ser\u00e1 menor.<\/li><li><strong>Incapacidad permanente total<\/strong>: el trabajador ya no puede llevar a cabo su profesi\u00f3n habitual. Sin embargo, puede dedicarse a otra actividad laboral distinta. Puede recibir ayudas econ\u00f3micas, a mayores del salario que pueda percibir de la nueva profesi\u00f3n.<\/li><li><strong>Incapacidad permanente absoluta o invalidez absoluta<\/strong>: el trabajador queda inhabilitado para el desempe\u00f1o de cualquier actividad laboral. Conlleva una serie de ayudas sociales y fiscales.<\/li><\/ol>\n\n\n\n<p>Existen <a href=\"https:\/\/www.asisa.es\/seguros-de-vida\">ciertos tipos de seguros<\/a> que incluyen una <strong>prestaci\u00f3n<\/strong> en caso de que el tomador se encuentre en una situaci\u00f3n de <strong>incapacidad permanente sobrevenida<\/strong>. Este tipo de p\u00f3lizas ofrecen <strong>tranquilidad<\/strong> tanto al beneficiario como a sus seres queridos, al suponer una fuente de ingresos. <\/p>\n\n\n\n<div class=\"wp-block-stackable-icon-box stk-block-icon-box stk-block stk-cc5d1c0\" data-block-id=\"cc5d1c0\"><style>.stk-cc5d1c0-container{background-color:#efeee9 !important}.stk-cc5d1c0-container:before{background-color:#efeee9 !important}<\/style><div class=\"stk-block-content stk-inner-blocks stk-block-icon-box__content stk-container stk-cc5d1c0-container stk-hover-parent\">\n<div class=\"wp-block-stackable-icon-label stk-block-icon-label stk-block stk-8fdff40\" data-block-id=\"8fdff40\"><div class=\"stk-row stk-inner-blocks stk-block-content\">\n<div class=\"wp-block-stackable-icon stk-block-icon has-text-align-left stk-block stk-dd0eb37\" data-block-id=\"dd0eb37\"><style>.stk-dd0eb37 .stk--svg-wrapper .stk--inner-svg svg:last-child,.stk-dd0eb37 .stk--svg-wrapper .stk--inner-svg svg:last-child :is(g,path,rect,polygon,ellipse){fill:#085086 !important}<\/style><span class=\"stk--svg-wrapper\"><div class=\"stk--inner-svg\"><svg style=\"height:0;width:0\"><defs><linearGradient id=\"linear-gradient-dd0eb37\" x1=\"0\" x2=\"100%\" y1=\"0\" y2=\"0\"><stop offset=\"0%\" style=\"stop-opacity:1;stop-color:var(--linear-gradient-dd-0-eb-37-color-1)\"><\/stop><stop offset=\"100%\" style=\"stop-opacity:1;stop-color:var(--linear-gradient-dd-0-eb-37-color-2)\"><\/stop><\/linearGradient><\/defs><\/svg><svg aria-hidden=\"true\" focusable=\"false\" data-prefix=\"fas\" data-icon=\"asterisk\" class=\"svg-inline--fa fa-asterisk fa-w-16\" xmlns=\"http:\/\/www.w3.org\/2000\/svg\" viewBox=\"0 0 512 512\" width=\"32\" height=\"32\"><path fill=\"currentColor\" d=\"M478.21 334.093L336 256l142.21-78.093c11.795-6.477 15.961-21.384 9.232-33.037l-19.48-33.741c-6.728-11.653-21.72-15.499-33.227-8.523L296 186.718l3.475-162.204C299.763 11.061 288.937 0 275.48 0h-38.96c-13.456 0-24.283 11.061-23.994 24.514L216 186.718 77.265 102.607c-11.506-6.976-26.499-3.13-33.227 8.523l-19.48 33.741c-6.728 11.653-2.562 26.56 9.233 33.037L176 256 33.79 334.093c-11.795 6.477-15.961 21.384-9.232 33.037l19.48 33.741c6.728 11.653 21.721 15.499 33.227 8.523L216 325.282l-3.475 162.204C212.237 500.939 223.064 512 236.52 512h38.961c13.456 0 24.283-11.061 23.995-24.514L296 325.282l138.735 84.111c11.506 6.976 26.499 3.13 33.227-8.523l19.48-33.741c6.728-11.653 2.563-26.559-9.232-33.036z\"><\/path><\/svg><\/div><\/span><\/div>\n\n\n\n<div class=\"wp-block-stackable-heading stk-block-heading stk-block stk-33f377c\" id=\"recuerda\" data-block-id=\"33f377c\"><h4 class=\"stk-block-heading__text\">Recuerda<\/h4><\/div>\n<\/div><\/div>\n\n\n\n<div class=\"wp-block-stackable-heading stk-block-heading stk-block stk-bb99883\" id=\"el-cerebro-es-el-organo-mas-complejo-del-cuerpo-humano-debido-a-que-es-el-que-controla-el-resto-de-los-organos\" data-block-id=\"bb99883\"><style>.stk-bb99883{margin-bottom:0px !important}<\/style><h5 class=\"stk-block-heading__text\">La invalidez es un t\u00e9rmino m\u00e9dico, mientras que la incapacidad es la consecuencia laboral derivada de una invalidez.<\/h5><\/div>\n\n\n\n<div class=\"wp-block-stackable-heading stk-block-heading stk-block stk-962ad5b\" id=\"la-incapacidad-dependera-mucho-de-la-profesion-que-desempena-el-afectado\" data-block-id=\"962ad5b\"><style>.stk-962ad5b{margin-bottom:0px !important}<\/style><h5 class=\"stk-block-heading__text\">La incapacidad depender\u00e1 mucho de la profesi\u00f3n que desempe\u00f1a el afectado.<\/h5><\/div>\n\n\n\n<div class=\"wp-block-stackable-heading stk-block-heading stk-block stk-3394bce\" id=\"existen-tres-tipos-de-incapacidad-permanente-la-parcial-la-total-y-la-absoluta\" data-block-id=\"3394bce\"><h5 class=\"stk-block-heading__text\">Existen tres tipos de incapacidad permanente: la parcial, la total y la absoluta.<\/h5><\/div>\n<\/div><\/div>\n\n\n\n<p><\/p>\n","protected":false},"excerpt":{"rendered":"<p>Los accidentes y las enfermedades pueden tener repercusiones para nuestra salud y nuestra vida, pero tambi\u00e9n sobre el \u00e1mbito laboral. Ciertas patolog\u00edas e incidentes pueden causar que no podamos trabajar durante un tiempo, o de forma indefinida. En definitiva, podr\u00edamos estar en situaciones de incapacidad o invalidez. Estos dos son t\u00e9rminos muy similares pero que, &#8230; <\/p>\n<p class=\"read-more-container\"><a title=\"Incapacidad e invalidez: \u00bfen qu\u00e9 se diferencian?\" class=\"read-more button\" href=\"\/blog\/familia\/incapacidad-e-invalidez-en-que-se-diferencian\/#more-12591\" aria-label=\"Leer m\u00e1s sobre Incapacidad e invalidez: \u00bfen qu\u00e9 se diferencian?\">Leer m\u00e1s<\/a><\/p>\n","protected":false},"author":8,"featured_media":12601,"comment_status":"closed","ping_status":"closed","sticky":false,"template":"","format":"standard","meta":{"_coblocks_attr":"","_coblocks_dimensions":"","_coblocks_responsive_height":"","_coblocks_accordion_ie_support":"","om_disable_all_campaigns":false,"_uf_show_specific_survey":0,"_uf_disable_surveys":false,"twitterCardType":"","cardImageID":0,"cardImage":"","cardTitle":"","cardDesc":"","cardImageAlt":"","cardPlayer":"","cardPlayerWidth":0,"cardPlayerHeight":0,"cardPlayerStream":"","cardPlayerCodec":"","footnotes":""},"categories":[82,85],"tags":[174,191,189,190],"aioseo_notices":[],"featured_image_src":"\/blog\/wp-content\/uploads\/2022\/08\/Incapacidad-e-invalidez-600x400.jpg","featured_image_src_square":"\/blog\/wp-content\/uploads\/2022\/08\/Incapacidad-e-invalidez-600x600.jpg","author_info":{"display_name":"ASISA","author_link":"\/blog\/author\/laragsoto\/"},"_links":{"self":[{"href":"\/blog\/wp-json\/wp\/v2\/posts\/12591"}],"collection":[{"href":"\/blog\/wp-json\/wp\/v2\/posts"}],"about":[{"href":"\/blog\/wp-json\/wp\/v2\/types\/post"}],"author":[{"embeddable":true,"href":"\/blog\/wp-json\/wp\/v2\/users\/8"}],"replies":[{"embeddable":true,"href":"\/blog\/wp-json\/wp\/v2\/comments?post=12591"}],"version-history":[{"count":8,"href":"\/blog\/wp-json\/wp\/v2\/posts\/12591\/revisions"}],"predecessor-version":[{"id":12599,"href":"\/blog\/wp-json\/wp\/v2\/posts\/12591\/revisions\/12599"}],"wp:featuredmedia":[{"embeddable":true,"href":"\/blog\/wp-json\/wp\/v2\/media\/12601"}],"wp:attachment":[{"href":"\/blog\/wp-json\/wp\/v2\/media?parent=12591"}],"wp:term":[{"taxonomy":"category","embeddable":true,"href":"\/blog\/wp-json\/wp\/v2\/categories?post=12591"},{"taxonomy":"post_tag","embeddable":true,"href":"\/blog\/wp-json\/wp\/v2\/tags?post=12591"}],"curies":[{"name":"wp","href":"https:\/\/api.w.org\/{rel}","templated":true}]}}