{"id":12204,"date":"2022-06-01T10:54:40","date_gmt":"2022-06-01T08:54:40","guid":{"rendered":"https:\/\/www.blogdeasisa.es\/?p=12204"},"modified":"2022-06-03T10:45:22","modified_gmt":"2022-06-03T08:45:22","slug":"la-mirada-asisa-federico-montalvo-y-la-bioetica","status":"publish","type":"post","link":"\/blog\/ideas\/la-mirada-asisa\/la-mirada-asisa-federico-montalvo-y-la-bioetica\/","title":{"rendered":"La Mirada ASISA: Federico de Montalvo y la importancia de la biotecnolog\u00eda"},"content":{"rendered":"\n<p>En un nuevo episodio de La Mirada ASISA, reflexionamos con Federico de Montalvo, presidente del Comit\u00e9 de Bio\u00e9tica de Espa\u00f1a, sobre la\u00a0<strong>\u00e9tica<\/strong>, la nueva\u00a0<strong>ley de la eutanasia<\/strong>, la incertidumbre en la que vivimos y los dilemas \u00e9ticos del uso de la\u00a0<strong>biotecnolog\u00eda<\/strong>.<\/p>\n\n\n\n<h2 class=\"wp-block-heading\"><strong>La bio\u00e9tica y la pandemia<\/strong><\/h2>\n\n\n\n<p>Durante la pandemia, la bio\u00e9tica tomo protagonismo ya que se abri\u00f3 un conflicto y dilema \u00e9tico sobre la priorizaci\u00f3n de los recursos escasos. Federico de Montalvo destaca que, \u00abdurante la pandemia, la bio\u00e9tica se vuelve importante en la sociedad porque se necesit\u00f3 responder a grandes preguntas y hemos aprendido que la bio\u00e9tica nos exige olvidarnos de una visi\u00f3n utilitarista, que es complementaria, pero que lo importante es poner al ser humado en el centro, sobre todo a las personas vulnerables\u00bb. <\/p>\n\n\n\n<p>Para De Montalvo, con la pandemia nos hemos tenido que enfrentar a un gran debate entre el inter\u00e9s del individuo y el inter\u00e9s general de la poblaci\u00f3n. El presidente del Comit\u00e9 de Bio\u00e9tica, afirma que en la pandemia hemos aprendido \u00abla importancia del cuidado de nuestros mayores, de los vulnerables. Adem\u00e1s, estos tiempos son de incertidumbre con car\u00e1cter general y tenemos que acostumbrarnos a vivir en ella. Y en estos tiempos, las soluciones indiscutibles ya no existen y y se necesitan formas m\u00e1s flexibles de resoluci\u00f3n de los problemas\u00bb. <\/p>\n\n\n\n<p>En esta sociedad de producci\u00f3n y consumo, es necesario poner en el centro al ser humano. Tambi\u00e9n es necesario deliberar y pensar, no solo actuar,  \u201clo que ha demostrado esta pandemia es que, cuando a nuestra ciencia se le permite hacer cosas, se le da tiempo, y se le da medios, es capaz de resolverlo todo o casi todo y en poco tiempo\u00bb, concluye. <\/p>\n\n\n\n<div class=\"wp-block-stackable-heading stk-block-heading stk-block stk-6c15ba0\" id=\"strong-los-desafios-de-la-bioetica-strong-y-la-humanizacion-de-la-medicina\" data-block-id=\"6c15ba0\"><h2 class=\"stk-block-heading__text\"><strong>Los desaf\u00edos de la bio\u00e9tica <\/strong>y la humanizaci\u00f3n de la medicina<\/h2><\/div>\n\n\n\n<div class=\"wp-block-stackable-text stk-block-text stk-block stk-0cf5ea8\" data-block-id=\"0cf5ea8\"><p class=\"stk-block-text__text\">Otro debate que est\u00e1 sobre la mesa es la edici\u00f3n gen\u00f3mica, \u00abestamos hablando de la posibilidad de alterar la naturaleza humana\u00bb, afirma De Montalvo. En este sentido la bio\u00e9tica es el concepto m\u00e1s disruptor de la Historia humana y se genera una pregunta de gran calado: \u00aben este momento no se trata de decir lo que podemos hacer, lo importante es preguntarse qu\u00e9 queremos hacer y qu\u00e9 debemos hacer\u00bb. Y es que la respuesta a estas preguntas la tiene que dar la sociedad, de una manera democr\u00e1tica, ayudada por la bio\u00e9tica que dota a la sociedad de las herramientas necesarias para reflexionar y poder decidir. En este sentido, Federico de Montalvo expone uno de sus grandes deseos: \u00abque hubiera bio\u00e9tica para todos y que llegase a todas partes, para que la sociedad estuviera m\u00ednimamente preparada para los grandes retos que se vienen relacionados con la naturaleza del ser humano\u00bb.  <\/p><\/div>\n\n\n\n<div class=\"wp-block-stackable-text stk-block-text stk-block stk-3e696f7\" data-block-id=\"3e696f7\"><p class=\"stk-block-text__text\">La pandemia nos ha tra\u00eddo el desarrollo de la tecnolog\u00eda aplicadas al \u00e1mbito asistencial, como la telemedicina. Han sido los a\u00f1os de la digitalizaci\u00f3n, aunque no era algo nuevo, pero trae consigo un rato, la humanizaci\u00f3n de la medicina. \u00bfPero qu\u00e9 es la humanizaci\u00f3n? El presidente del Comit\u00e9 de Bio\u00e9tica de Espa\u00f1a lo explica as\u00ed: \u00abla humanizaci\u00f3n de la medicina significa darse cuenta de los s\u00edntomas, hablar y escuchar, y luego olvidarnos de la idea del \u00abempoderamiento del paciente\u00bb. El paciente quiere que le escuchen y le curen\u00bb. Para el experto la gran pregunta que quiere hacer el paciente, y que no suele atreverse a hacer, y que los m\u00e9dicos tienen que tener en cuenta es doctor, \u00bfQu\u00e9 har\u00eda en mi lugar? Esto es humanizar la medicina\u00bb. <\/p><\/div>\n\n\n\n<div class=\"wp-block-stackable-heading stk-block-heading stk-block stk-c16ddf0\" id=\"la-mirada-asisa-y-federico-de-montalvo-la-inteligencia-artificial\" data-block-id=\"c16ddf0\"><h2 class=\"stk-block-heading__text\">La Mirada ASISA y Federico de Montalvo: la inteligencia artificial <\/h2><\/div>\n\n\n\n<div class=\"wp-block-stackable-text stk-block-text stk-block stk-60c8979\" data-block-id=\"60c8979\"><p class=\"stk-block-text__text\">Otro de los grandes desaf\u00edos, en la actualidad, viene de la mano de la inteligencia artificial y la explotaci\u00f3n de los datos. El big data y la inteligencia artificial traer\u00e1n grandes avances en la mejora y la protecci\u00f3n de la salud de los individuos, pero hay que tener en cuenta dos grandes conceptos, la casualidad y la causalidad, para tener cuidado con las posibles correlaciones. En este sentido tambi\u00e9n se genera un nuevo debate, ya que el dato debe compartirse de manera global pero tambi\u00e9n hay que pensar en qu\u00e9 dato, por qui\u00e9n es compartido y qui\u00e9nes lo comparten. <\/p><\/div>\n\n\n\n<div class=\"wp-block-stackable-text stk-block-text stk-block stk-cec29e3\" data-block-id=\"cec29e3\"><p class=\"stk-block-text__text\">Como cierre de este episodio de La Mirada ASISA: Federico de Montalvo, presidente del Comit\u00e9 de Bio\u00e9tica de Espa\u00f1a, expresa su deseo de que la sociedad espa\u00f1ola sigua interes\u00e1ndose por la bio\u00e9tica, form\u00e1ndose y reflexionando porque \u00ablo necesitamos para enfrentarnos a los nuevos retos que nos plantea la biotecnolog\u00eda y resolver qu\u00e9 queremos hacer, de una manera democr\u00e1tica, en nuestra sociedad\u00bb. La bio\u00e9tica es un elemento fundamental para poder reflexionar. <\/p><\/div>\n\n\n\n<div class=\"wp-block-stackable-text stk-block-text stk-block stk-d3c39d6\" data-block-id=\"d3c39d6\"><p class=\"stk-block-text__text\">Descubre m\u00e1s sobre La Mirada ASISA, <a href=\"\/\/mirada-asisa-new\/\" target=\"_blank\" rel=\"noreferrer noopener\">aqu\u00ed<\/a>.<\/p><\/div>\n","protected":false},"excerpt":{"rendered":"<p>En un nuevo episodio de La Mirada ASISA, reflexionamos con Federico de Montalvo, presidente del Comit\u00e9 de Bio\u00e9tica de Espa\u00f1a, sobre la\u00a0\u00e9tica, la nueva\u00a0ley de la eutanasia, la incertidumbre en la que vivimos y los dilemas \u00e9ticos del uso de la\u00a0biotecnolog\u00eda. La bio\u00e9tica y la pandemia Durante la pandemia, la bio\u00e9tica tomo protagonismo ya que &#8230; <\/p>\n<p class=\"read-more-container\"><a title=\"La Mirada ASISA: Federico de Montalvo y la importancia de la biotecnolog\u00eda\" class=\"read-more button\" href=\"\/blog\/ideas\/la-mirada-asisa\/la-mirada-asisa-federico-montalvo-y-la-bioetica\/#more-12204\" aria-label=\"Leer m\u00e1s sobre La Mirada ASISA: Federico de Montalvo y la importancia de la biotecnolog\u00eda\">Leer m\u00e1s<\/a><\/p>\n","protected":false},"author":8,"featured_media":12228,"comment_status":"closed","ping_status":"closed","sticky":false,"template":"","format":"standard","meta":{"_coblocks_attr":"","_coblocks_dimensions":"","_coblocks_responsive_height":"","_coblocks_accordion_ie_support":"","om_disable_all_campaigns":false,"_uf_show_specific_survey":0,"_uf_disable_surveys":false,"twitterCardType":"","cardImageID":0,"cardImage":"","cardTitle":"","cardDesc":"","cardImageAlt":"","cardPlayer":"","cardPlayerWidth":0,"cardPlayerHeight":0,"cardPlayerStream":"","cardPlayerCodec":"","footnotes":""},"categories":[52,94],"tags":[133],"aioseo_notices":[],"featured_image_src":"\/blog\/wp-content\/uploads\/2022\/06\/La-mirada-bioetica-600x346.png","featured_image_src_square":"\/blog\/wp-content\/uploads\/2022\/06\/La-mirada-bioetica-600x346.png","author_info":{"display_name":"ASISA","author_link":"\/blog\/author\/laragsoto\/"},"_links":{"self":[{"href":"\/blog\/wp-json\/wp\/v2\/posts\/12204"}],"collection":[{"href":"\/blog\/wp-json\/wp\/v2\/posts"}],"about":[{"href":"\/blog\/wp-json\/wp\/v2\/types\/post"}],"author":[{"embeddable":true,"href":"\/blog\/wp-json\/wp\/v2\/users\/8"}],"replies":[{"embeddable":true,"href":"\/blog\/wp-json\/wp\/v2\/comments?post=12204"}],"version-history":[{"count":16,"href":"\/blog\/wp-json\/wp\/v2\/posts\/12204\/revisions"}],"predecessor-version":[{"id":12256,"href":"\/blog\/wp-json\/wp\/v2\/posts\/12204\/revisions\/12256"}],"wp:featuredmedia":[{"embeddable":true,"href":"\/blog\/wp-json\/wp\/v2\/media\/12228"}],"wp:attachment":[{"href":"\/blog\/wp-json\/wp\/v2\/media?parent=12204"}],"wp:term":[{"taxonomy":"category","embeddable":true,"href":"\/blog\/wp-json\/wp\/v2\/categories?post=12204"},{"taxonomy":"post_tag","embeddable":true,"href":"\/blog\/wp-json\/wp\/v2\/tags?post=12204"}],"curies":[{"name":"wp","href":"https:\/\/api.w.org\/{rel}","templated":true}]}}