{"id":12034,"date":"2022-05-12T08:55:00","date_gmt":"2022-05-12T06:55:00","guid":{"rendered":"https:\/\/www.blogdeasisa.es\/?p=12034"},"modified":"2022-05-09T15:55:31","modified_gmt":"2022-05-09T13:55:31","slug":"digitalizacion-de-los-seguros","status":"publish","type":"post","link":"\/blog\/futuro\/digitalizacion-de-los-seguros\/","title":{"rendered":"Los seguros ante el reto de la digitalizaci\u00f3n"},"content":{"rendered":"\n<p>\u201cSi no est\u00e1 en internet, no existe\u201d, dijo Bill Gates en la d\u00e9cada de los 80. Ahora que se cumplen cuatro d\u00e9cadas de estas palabras, <strong>pr\u00e1cticamente todas las entidades tienen presencia en la red<\/strong> y <strong>el sector de los seguros no es la excepci\u00f3n<\/strong> \u2013ni debe serlo\u2013. Por este motivo, merece la pena analizar cu\u00e1les son los <strong>retos en la digitalizaci\u00f3n de los seguros<\/strong>.<\/p>\n\n\n\n<p>La digitalizaci\u00f3n de las empresas no debe limitarse \u00fanicamente a la presencia en Internet. La <em>World Wide Web<\/em> tambi\u00e9n ha <strong>transformado los procesos y canales de comunicaci\u00f3n en la sociedad<\/strong> en su conjunto. Las personas que buscan un seguro<strong> exigen mejoras en los productos y servicios<\/strong>. Por tanto, las compa\u00f1\u00edas del sector deben prestar atenci\u00f3n a esas necesidades si quieren <strong>seguir siendo competitivas<\/strong>.<\/p>\n\n\n\n<h2 class=\"wp-block-heading\"><strong>Al lado de las personas en diversos canales<\/strong><\/h2>\n\n\n\n<p>Internet no es un mero tabl\u00f3n de anuncios y las personas no son \u00fanicamente espectadores. <strong>Buscan, comparan y tambi\u00e9n contratan a trav\u00e9s de una pantalla<\/strong>. Adaptarse a esta circunstancia ha sido una cuesti\u00f3n compleja y con muchos ensayos y errores. De este modo, hemos logrado establecer <strong>nuevos canales para la contrataci\u00f3n y uso de un seguro<\/strong>. Tal es la importancia de estas cuestiones que <strong>ASISA invirti\u00f3 4,5 millones de euros en proyectos de digitalizaci\u00f3n en 2020<\/strong>. Esta gran apuesta no es m\u00e1s que la constataci\u00f3n de que <a href=\"\/\/nosotros\/salud\/bienestar\/etiqueta-digital-el-bienestar-en-la-vida-virtual\/\" target=\"_blank\" rel=\"noreferrer noopener\">el futuro est\u00e1 en la red<\/a>, con la intenci\u00f3n de permanecer en la vanguardia del sector.<\/p>\n\n\n\n<p>Ahora bien, <strong>la aparici\u00f3n de estos nuevos canales no est\u00e1 re\u00f1ida con la atenci\u00f3n presencial y humana<\/strong> que se ha venido dando desde nuestros inicios. La continuaci\u00f3n de las v\u00edas de comunicaci\u00f3n tradicionales son signo imperecedero de calidad, de confianza y de accesibilidad. Solo ese <strong>equilibrio entre el plano digital y el factor humano<\/strong> garantiza que las personas que conf\u00edan en nuestros servicios tengan una experiencia integrada y la m\u00e1xima facilidad en los procedimientos.<\/p>\n\n\n\n<div class=\"wp-block-stackable-heading stk-block-heading stk-block stk-9855eb0\" id=\"strong-digitalizacion-para-mejorar-los-servicios-strong\" data-block-id=\"9855eb0\"><h2 class=\"stk-block-heading__text\"><strong>Digitalizaci\u00f3n para mejorar los servicios<\/strong><\/h2><\/div>\n\n\n\n<p>Otra de las ventajas que nos abre la digitalizaci\u00f3n es la posibilidad de aprovechar nuestro conocimiento como nunca antes hab\u00edamos podido hacerlo. Esto se traduce tanto en una <strong>mejora de las prestaciones<\/strong> como en el <strong>desarrollo de nuevos servicios<\/strong>.<\/p>\n\n\n\n<p>Un buen an\u00e1lisis de datos permite <strong>repensar c\u00f3mo se realizan las gestiones y c\u00f3mo se utilizan los recursos<\/strong>, con el objetivo de ser m\u00e1s <strong>eficientes<\/strong>. Un ejemplo de ello es que, como todas las personas son distintas, tambi\u00e9n ser\u00e1n diferentes los productos que necesiten. Es decir, <strong>la digitalizaci\u00f3n abre la puerta a la personalizaci\u00f3n<\/strong> de los servicios.<\/p>\n\n\n\n<p>Aqu\u00ed entra en juego un elemento muy recurrido en los \u00faltimos a\u00f1os: la <strong>tecnolog\u00eda <em>big data<\/em><\/strong>. Dicho de otra manera: la gesti\u00f3n de un enorme volumen de datos. La <strong>informaci\u00f3n que se puede obtener a trav\u00e9s de <em>big data<\/em><\/strong> es tan valiosa y vers\u00e1til que permite incluso <strong>hacer predicciones<\/strong>, tambi\u00e9n en el \u00e1mbito de la salud. Todo ello sin olvidar la importante <strong>inversi\u00f3n en seguridad <\/strong>que requiere para <a href=\"\/\/nosotros\/salud\/bienestar\/el-coronavirus-en-tiempos-de-internet-como-mantener-la-seguridad-de-nuestros-datos\/\" target=\"_blank\" rel=\"noreferrer noopener\"><strong>proteger la informaci\u00f3n<\/strong><\/a> confidencial de las personas.<\/p>\n\n\n\n<p>En definitiva, la digitalizaci\u00f3n de las empresas y, concretamente, las del sector de los seguros es algo positivo, sobre todo si lo que permite es <strong>dar la mejor cobertura y seguridad a las personas<\/strong>.<\/p>\n\n\n\n<div class=\"wp-block-stackable-heading stk-block-heading stk-block stk-d41817e\" id=\"strong-la-digitalizacion-de-los-seguros-en-la-practica-strong\" data-block-id=\"d41817e\"><h2 class=\"stk-block-heading__text\"><strong>La digitalizaci\u00f3n de los seguros en la pr\u00e1ctica<\/strong><\/h2><\/div>\n\n\n\n<p>Conscientes de la importancia de aplicar las ventajas que ofrece internet en el d\u00eda a d\u00eda de nuestro trabajo, ASISA viene desarrollando <strong>proyectos de digitalizaci\u00f3n<\/strong> desde hace a\u00f1os. Adem\u00e1s de tender puentes con el cliente con <strong>nuevos canales de atenci\u00f3n<\/strong>, se han instalado nuevas <strong>funcionalidades en <\/strong><a href=\"https:\/\/www.asisa.es\/preguntas-frecuentes\/preguntas\/mi-seguro-medico\/ya-soy-de-asisa\/368-como-puedo-descargarme-la-app-de-a\" target=\"_blank\" rel=\"noreferrer noopener\"><strong>la aplicaci\u00f3n<\/strong><\/a><strong> y la web<\/strong> para gestionar las p\u00f3lizas. Tambi\u00e9n, se han aplicado <strong>soluciones de inteligencia artificial<\/strong> con la mirada puesta en mejorar la relaci\u00f3n con el asegurado.<\/p>\n\n\n\n<p>Desde 2018, ASISA se vale de la <strong>plataforma <em>Green Cube<\/em> <\/strong>para optimizar la relaci\u00f3n con los pacientes, los empleados y los colaboradores. Asimismo, la <strong>tecnolog\u00eda <em>cloud<\/em><\/strong> se ha convertido en el primer mandamiento para un teletrabajo efectivo. Muchas autorizaciones para pruebas diagn\u00f3sticas y otros tratamientos habituales pueden hacerse ya a trav\u00e9s de apps. Y esto, creo, ser\u00e1 solo el principio.<\/p>\n\n\n\n<div class=\"wp-block-stackable-icon-box stk-block-icon-box stk-block stk-cc5d1c0\" data-block-id=\"cc5d1c0\"><style>.stk-cc5d1c0-container{background-color:#efeee9 !important}.stk-cc5d1c0-container:before{background-color:#efeee9 !important}<\/style><div class=\"stk-block-content stk-inner-blocks stk-block-icon-box__content stk-container stk-cc5d1c0-container stk-hover-parent\">\n<div class=\"wp-block-stackable-icon-label stk-block-icon-label stk-block stk-8fdff40\" data-block-id=\"8fdff40\"><div class=\"stk-row stk-inner-blocks stk-block-content\">\n<div class=\"wp-block-stackable-icon stk-block-icon has-text-align-left stk-block stk-dd0eb37\" data-block-id=\"dd0eb37\"><style>.stk-dd0eb37 .stk--svg-wrapper .stk--inner-svg svg:last-child,.stk-dd0eb37 .stk--svg-wrapper .stk--inner-svg svg:last-child :is(g,path,rect,polygon,ellipse){fill:#085086 !important}<\/style><span class=\"stk--svg-wrapper\"><div class=\"stk--inner-svg\"><svg style=\"height:0;width:0\"><defs><linearGradient id=\"linear-gradient-dd0eb37\" x1=\"0\" x2=\"100%\" y1=\"0\" y2=\"0\"><stop offset=\"0%\" style=\"stop-opacity:1;stop-color:var(--linear-gradient-dd-0-eb-37-color-1)\"><\/stop><stop offset=\"100%\" style=\"stop-opacity:1;stop-color:var(--linear-gradient-dd-0-eb-37-color-2)\"><\/stop><\/linearGradient><\/defs><\/svg><svg aria-hidden=\"true\" focusable=\"false\" data-prefix=\"fas\" data-icon=\"asterisk\" class=\"svg-inline--fa fa-asterisk fa-w-16\" xmlns=\"http:\/\/www.w3.org\/2000\/svg\" viewBox=\"0 0 512 512\" width=\"32\" height=\"32\"><path fill=\"currentColor\" d=\"M478.21 334.093L336 256l142.21-78.093c11.795-6.477 15.961-21.384 9.232-33.037l-19.48-33.741c-6.728-11.653-21.72-15.499-33.227-8.523L296 186.718l3.475-162.204C299.763 11.061 288.937 0 275.48 0h-38.96c-13.456 0-24.283 11.061-23.994 24.514L216 186.718 77.265 102.607c-11.506-6.976-26.499-3.13-33.227 8.523l-19.48 33.741c-6.728 11.653-2.562 26.56 9.233 33.037L176 256 33.79 334.093c-11.795 6.477-15.961 21.384-9.232 33.037l19.48 33.741c6.728 11.653 21.721 15.499 33.227 8.523L216 325.282l-3.475 162.204C212.237 500.939 223.064 512 236.52 512h38.961c13.456 0 24.283-11.061 23.995-24.514L296 325.282l138.735 84.111c11.506 6.976 26.499 3.13 33.227-8.523l19.48-33.741c6.728-11.653 2.563-26.559-9.232-33.036z\"><\/path><\/svg><\/div><\/span><\/div>\n\n\n\n<div class=\"wp-block-stackable-heading stk-block-heading stk-block stk-33f377c\" id=\"recuerda\" data-block-id=\"33f377c\"><h4 class=\"stk-block-heading__text\">Recuerda<\/h4><\/div>\n<\/div><\/div>\n\n\n\n<div class=\"wp-block-stackable-heading stk-block-heading stk-block stk-bb99883\" id=\"la-digitalizacion-de-las-empresas-no-debe-limitarse-unicamente-a-la-presencia-en-internet\" data-block-id=\"bb99883\"><style>.stk-bb99883{margin-bottom:0px !important}<\/style><h5 class=\"stk-block-heading__text\">La digitalizaci\u00f3n de las empresas no debe limitarse \u00fanicamente a la presencia en Internet.<\/h5><\/div>\n\n\n\n<div class=\"wp-block-stackable-heading stk-block-heading stk-block stk-962ad5b\" id=\"asisa-invirtio-4-5-millones-de-euros-en-proyectos-de-digitalizacion-en-2020\" data-block-id=\"962ad5b\"><style>.stk-962ad5b{margin-bottom:0px !important}<\/style><h5 class=\"stk-block-heading__text\">Asisa invirti\u00f3 4,5 millones de euros en proyectos de digitalizaci\u00f3n en 2020<\/h5><\/div>\n\n\n\n<div class=\"wp-block-stackable-heading stk-block-heading stk-block stk-3394bce\" id=\"asisa-se-vale-de-la-plataforma-em-green-cube-em-strong-strong-para-optimizar-la-relacion-con-los-pacientes-los-empleados-y-los-colaboradores\" data-block-id=\"3394bce\"><h5 class=\"stk-block-heading__text\">ASISA se vale de la plataforma <em>Green Cube<\/em><strong> <\/strong>para optimizar la relaci\u00f3n con los pacientes, los empleados y los colaboradores<\/h5><\/div>\n<\/div><\/div>\n","protected":false},"excerpt":{"rendered":"<p>\u201cSi no est\u00e1 en internet, no existe\u201d, dijo Bill Gates en la d\u00e9cada de los 80. Ahora que se cumplen cuatro d\u00e9cadas de estas palabras, pr\u00e1cticamente todas las entidades tienen presencia en la red y el sector de los seguros no es la excepci\u00f3n \u2013ni debe serlo\u2013. Por este motivo, merece la pena analizar cu\u00e1les &#8230; <\/p>\n<p class=\"read-more-container\"><a title=\"Los seguros ante el reto de la digitalizaci\u00f3n\" class=\"read-more button\" href=\"\/blog\/futuro\/digitalizacion-de-los-seguros\/#more-12034\" aria-label=\"Leer m\u00e1s sobre Los seguros ante el reto de la digitalizaci\u00f3n\">Leer m\u00e1s<\/a><\/p>\n","protected":false},"author":8,"featured_media":12046,"comment_status":"closed","ping_status":"closed","sticky":false,"template":"","format":"standard","meta":{"_coblocks_attr":"","_coblocks_dimensions":"","_coblocks_responsive_height":"","_coblocks_accordion_ie_support":"","om_disable_all_campaigns":false,"_uf_show_specific_survey":0,"_uf_disable_surveys":false,"twitterCardType":"","cardImageID":0,"cardImage":"","cardTitle":"","cardDesc":"","cardImageAlt":"","cardPlayer":"","cardPlayerWidth":0,"cardPlayerHeight":0,"cardPlayerStream":"","cardPlayerCodec":"","footnotes":""},"categories":[92,96,94,93],"tags":[118,115,116,117],"aioseo_notices":[],"featured_image_src":"\/blog\/wp-content\/uploads\/2022\/05\/digitalizacion-de-los-seguros-600x400.jpg","featured_image_src_square":"\/blog\/wp-content\/uploads\/2022\/05\/digitalizacion-de-los-seguros-600x600.jpg","author_info":{"display_name":"ASISA","author_link":"\/blog\/author\/laragsoto\/"},"_links":{"self":[{"href":"\/blog\/wp-json\/wp\/v2\/posts\/12034"}],"collection":[{"href":"\/blog\/wp-json\/wp\/v2\/posts"}],"about":[{"href":"\/blog\/wp-json\/wp\/v2\/types\/post"}],"author":[{"embeddable":true,"href":"\/blog\/wp-json\/wp\/v2\/users\/8"}],"replies":[{"embeddable":true,"href":"\/blog\/wp-json\/wp\/v2\/comments?post=12034"}],"version-history":[{"count":12,"href":"\/blog\/wp-json\/wp\/v2\/posts\/12034\/revisions"}],"predecessor-version":[{"id":12050,"href":"\/blog\/wp-json\/wp\/v2\/posts\/12034\/revisions\/12050"}],"wp:featuredmedia":[{"embeddable":true,"href":"\/blog\/wp-json\/wp\/v2\/media\/12046"}],"wp:attachment":[{"href":"\/blog\/wp-json\/wp\/v2\/media?parent=12034"}],"wp:term":[{"taxonomy":"category","embeddable":true,"href":"\/blog\/wp-json\/wp\/v2\/categories?post=12034"},{"taxonomy":"post_tag","embeddable":true,"href":"\/blog\/wp-json\/wp\/v2\/tags?post=12034"}],"curies":[{"name":"wp","href":"https:\/\/api.w.org\/{rel}","templated":true}]}}