{"id":11990,"date":"2022-02-05T12:36:00","date_gmt":"2022-02-05T10:36:00","guid":{"rendered":"https:\/\/www.blogdeasisa.es\/?p=11990"},"modified":"2023-07-31T14:44:59","modified_gmt":"2023-07-31T12:44:59","slug":"la-sostenibilidad-pasa-por-la-salud","status":"publish","type":"post","link":"\/blog\/ideas\/la-sostenibilidad-pasa-por-la-salud\/","title":{"rendered":"La sostenibilidad pasa por la salud"},"content":{"rendered":"\n<div class=\"wp-block-stackable-heading stk-block-heading stk-block stk-3d0c881\" id=\"el-consejero-delegado-de-asisa-dr-enrique-de-porres-analiza-la-aportacion-del-sector-sanitario-a-la-agenda-2030\" data-block-id=\"3d0c881\"><h5 class=\"stk-block-heading__text\">El consejero delegado de ASISA, Dr. Enrique de Porres, analiza la aportaci\u00f3n del sector sanitario a la Agenda 2030<\/h5><\/div>\n\n\n\n<div class=\"wp-block-stackable-team-member is-style-horizontal stk-block-team-member stk-block stk-5afe4ef\" data-block-id=\"5afe4ef\"><div class=\"stk-block-team-member__content stk-content-align stk-5afe4ef-column stk-container stk-5afe4ef-container stk-hover-parent\"><div class=\"stk-block-content stk-inner-blocks has-text-align-right\">\n<div class=\"wp-block-stackable-columns stk-block-columns stk-block stk-fedc749\" data-block-id=\"fedc749\"><div class=\"stk-row stk-inner-blocks stk-block-content stk-content-align stk-fedc749-column\">\n<div class=\"wp-block-stackable-column stk-block-column stk-column stk-block stk-c922671\" data-block-id=\"c922671\"><style>@media screen and (min-width:768px){.stk-c922671{flex:1 1 75% !important}}<\/style><div class=\"stk-column-wrapper stk-block-column__content stk-container stk-c922671-container stk--no-background stk--no-padding\"><div class=\"has-text-align-right stk-block-content stk-inner-blocks\">\n<div class=\"wp-block-stackable-heading stk-block-heading stk-block stk-95dc941\" id=\"dr-enrique-de-porres\" data-block-id=\"95dc941\"><style>.stk-95dc941{margin-bottom:0px !important}.stk-95dc941 .stk-block-heading__text{margin:0 !important}<\/style><h3 class=\"stk-block-heading__text\">Dr. Enrique de Porres<\/h3><\/div>\n\n\n\n<div class=\"wp-block-stackable-subtitle stk-block-subtitle stk-block stk-c417f36\" data-block-id=\"c417f36\"><p class=\"stk-block-subtitle__text stk-subtitle\">Consejero delegado de ASISA<\/p><\/div>\n\n\n\n<div class=\"wp-block-stackable-button-group stk-block-button-group stk-block stk-b074a22\" data-block-id=\"b074a22\"><div class=\"stk-row stk-inner-blocks stk-block-content stk-button-group\">\n<div class=\"wp-block-stackable-icon-button is-style-plain stk-block-icon-button stk-block stk-d82aed5\" data-block-id=\"d82aed5\"><style>.stk-d82aed5 .stk-button{background:transparent !important}.stk-d82aed5 .stk-button:hover{background:transparent !important;opacity:1 !important}:where(.stk-hover-parent:hover,.stk-hover-parent.stk--is-hovered) .stk-d82aed5 .stk-button:after{background:transparent !important;opacity:1 !important}.stk-d82aed5 .stk-button:before{border-style:solid !important;border-color:#085086 !important}.stk-d82aed5 .stk-button .stk--inner-svg svg:last-child,.stk-d82aed5 .stk-button .stk--inner-svg svg:last-child :is(g,path,rect,polygon,ellipse){fill:#085086 !important}<\/style><a class=\"stk-link stk-button stk--hover-effect-darken\" href=\"https:\/\/www.linkedin.com\/in\/enrique-de-porres-ortiz-de-urbina-8337096b\/?originalSubdomain=es\" target=\"_blank\" rel=\"noreferrer noopener\"><span class=\"stk--svg-wrapper\"><div class=\"stk--inner-svg\"><svg data-prefix=\"fab\" data-icon=\"linkedin-in\" class=\"svg-inline--fa fa-linkedin-in fa-w-14\" xmlns=\"http:\/\/www.w3.org\/2000\/svg\" viewBox=\"0 0 448 512\" aria-hidden=\"true\" width=\"32\" height=\"32\"><path fill=\"currentColor\" d=\"M100.28 448H7.4V148.9h92.88zM53.79 108.1C24.09 108.1 0 83.5 0 53.8a53.79 53.79 0 0 1 107.58 0c0 29.7-24.1 54.3-53.79 54.3zM447.9 448h-92.68V302.4c0-34.7-.7-79.2-48.29-79.2-48.29 0-55.69 37.7-55.69 76.7V448h-92.78V148.9h89.08v40.8h1.3c12.4-23.5 42.69-48.3 87.88-48.3 94 0 111.28 61.9 111.28 142.3V448z\"><\/path><\/svg><\/div><\/span><\/a><\/div>\n<\/div><\/div>\n<\/div><\/div><\/div>\n\n\n\n<div class=\"wp-block-stackable-column stk-block-column stk-column stk-block stk-12ca550\" data-block-id=\"12ca550\"><style>@media screen and (min-width:768px){.stk-12ca550{flex:1 1 25% !important}}<\/style><div class=\"stk-column-wrapper stk-block-column__content stk-container stk-12ca550-container stk--no-background stk--no-padding\"><div class=\"stk-block-content stk-inner-blocks\">\n<div class=\"wp-block-stackable-image stk-block-image stk-block stk-04e02ed\" data-block-id=\"04e02ed\"><style>.stk-04e02ed .stk-img-wrapper{width:150px !important;height:150px !important}.stk-04e02ed .stk-img-wrapper img,.stk-04e02ed .stk-img-wrapper::after,.stk-04e02ed .stk-img-wrapper::before{mask-image:url('data:image\/svg+xml;base64,PHN2ZyB4bWxucz0iaHR0cDovL3d3dy53My5vcmcvMjAwMC9zdmciIHZpZXdCb3g9IjAgMCAxMDAgMTAwIiBwcmVzZXJ2ZUFzcGVjdFJhdGlvPSJub25lIj48Y2lyY2xlIGN4PSI1MCIgY3k9IjUwIiByPSI1MCI+PC9jaXJjbGU+PC9zdmc+') !important;-webkit-mask-image:url('data:image\/svg+xml;base64,PHN2ZyB4bWxucz0iaHR0cDovL3d3dy53My5vcmcvMjAwMC9zdmciIHZpZXdCb3g9IjAgMCAxMDAgMTAwIiBwcmVzZXJ2ZUFzcGVjdFJhdGlvPSJub25lIj48Y2lyY2xlIGN4PSI1MCIgY3k9IjUwIiByPSI1MCI+PC9jaXJjbGU+PC9zdmc+') !important}<\/style><figure class=\"stk-img-wrapper stk-img--shape stk-image--shape-stretch\"><img loading=\"lazy\" decoding=\"async\" class=\"stk-img wp-image-11991\" src=\"\/\/wp-content\/uploads\/2022\/05\/Dr-Porres_Blog-de-ASISA.jpg\" width=\"1205\" height=\"1205\" srcset=\"\/blog\/wp-content\/uploads\/2022\/05\/Dr-Porres_Blog-de-ASISA.jpg 1205w, \/blog\/wp-content\/uploads\/2022\/05\/Dr-Porres_Blog-de-ASISA-150x150@2x.jpg 300w, \/blog\/wp-content\/uploads\/2022\/05\/Dr-Porres_Blog-de-ASISA-1024x1024.jpg 1024w, \/blog\/wp-content\/uploads\/2022\/05\/Dr-Porres_Blog-de-ASISA-150x150.jpg 150w, \/blog\/wp-content\/uploads\/2022\/05\/Dr-Porres_Blog-de-ASISA-600x600.jpg 600w\" sizes=\"(max-width: 1205px) 100vw, 1205px\" \/><\/figure><\/div>\n<\/div><\/div><\/div>\n<\/div><\/div>\n<\/div><\/div><\/div>\n\n\n\n<p>La salud es uno de los grandes ejes de la Agenda 2030 para el desarrollo sostenible. No solo porque cuente con un objetivo propio, el ODS 3 Salud y Bienestar, que persigue garantizar una vida sana y promover el bienestar para todos y a todas las edades, sino porque la salud es uno de los indicadores m\u00e1s fiables de desarrollo y sostenibilidad. Es evidente que las sociedades con peores niveles de salud presentan al mismo tiempo peores \u00edndices de calidad de vida, educaci\u00f3n, igualdad o crecimiento econ\u00f3mico. Por lo tanto, mejorar los niveles de salud supone generar nuevas oportunidades de desarrollo y crecimiento.<\/p>\n\n\n\n<p>Nos encontramos por lo tanto ante un reto de gran magnitud y que enfrenta enormes dificultades y nuevos riesgos. Las consecuencias del cambio clim\u00e1tico y los desastres naturales, incluidas las pandemias y la expansi\u00f3n de enfermedades infecciosas como la COVID-19, son dos de las grandes amenazas para la salud en el siglo XXI. A ellas se suman, en las sociedades m\u00e1s avanzadas, el reto demogr\u00e1fico que plantea el envejecimiento de la poblaci\u00f3n; o el auge de enfermedades no transmisibles, entre ellas las vinculadas con la alimentaci\u00f3n y el estilo de vida, como las patolog\u00edas cardiovasculares y las enfermedades mentales.<\/p>\n\n\n\n<p>Para afrontar estos retos es imprescindible la implicaci\u00f3n de todos, empezando por las empresas del sector sanitario. Ya no sirve con desarrollar simplemente planes de sostenibilidad centrados en la reducci\u00f3n de emisiones, el uso racional de los recursos o el fomento del reciclaje. Es evidente que esas pol\u00edticas son imprescindibles y deben formar parte del acervo de cualquier organizaci\u00f3n sanitaria. Sin embargo, no son suficientes.<\/p>\n\n\n\n<blockquote class=\"wp-block-stackable-blockquote is-style-default stk-block-blockquote stk-block stk-e89a2e9\" data-block-id=\"e89a2e9\"><style>.stk-e89a2e9{margin-bottom:32.4px !important}<\/style><div class=\"has-text-align-left stk-block-blockquote__content stk-container stk-e89a2e9-container stk-hover-parent\"><div class=\"stk-block-content stk-inner-blocks\">\n<div class=\"wp-block-stackable-icon stk-block-icon stk-block stk-2bb42f2\" data-block-id=\"2bb42f2\"><style>.stk-2bb42f2 .stk--svg-wrapper .stk--inner-svg svg:last-child,.stk-2bb42f2 .stk--svg-wrapper .stk--inner-svg svg:last-child :is(g,path,rect,polygon,ellipse){fill:#085086 !important}<\/style><span class=\"stk--svg-wrapper\"><div class=\"stk--inner-svg\"><svg style=\"height:0;width:0\"><defs><linearGradient id=\"linear-gradient-2bb42f2\" x1=\"0\" x2=\"100%\" y1=\"0\" y2=\"0\"><stop offset=\"0%\" style=\"stop-opacity:1;stop-color:var(--linear-gradient-2-bb-42-f-2-color-1)\"><\/stop><stop offset=\"100%\" style=\"stop-opacity:1;stop-color:var(--linear-gradient-2-bb-42-f-2-color-2)\"><\/stop><\/linearGradient><\/defs><\/svg><svg xmlns=\"http:\/\/www.w3.org\/2000\/svg\" viewBox=\"0 0 50 50\" aria-hidden=\"true\" width=\"32\" height=\"32\"><path d=\"M22.3 30.5c0 6-4.8 10.8-10.8 10.8-2.3 0-4.5-.8-6.3-2-.9-.6-1.8-1.4-2.5-2.4-1.8-2.4-2.7-5.4-2.7-9 0-4.5 1.3-8.5 4-11.9 2.7-3.4 6.4-5.8 11.1-7.3v2.8c-2.7 2.2-4.4 5-4.9 8.3.4-.1.9-.1 1.3-.1 6-.1 10.8 4.8 10.8 10.8zm16.9-10.9c-.5 0-.9 0-1.3.1.5-3.3 2.2-6.1 4.9-8.3V8.7c-4.7 1.4-8.4 3.9-11.1 7.3-2.7 3.4-4 7.4-4 11.9 0 3.6.9 6.6 2.7 9 .8 1 1.6 1.8 2.5 2.4 1.8 1.3 3.9 2 6.3 2 6 0 10.8-4.8 10.8-10.8 0-6-4.8-10.9-10.8-10.9z\"><\/path><\/svg><\/div><\/span><\/div>\n\n\n\n<div class=\"wp-block-stackable-text stk-block-text stk-block stk-56bcbbc\" data-block-id=\"56bcbbc\"><style>.stk-56bcbbc .stk-block-text__text{font-size:30px !important;color:#085086 !important;font-weight:700 !important;font-style:italic !important;font-family:\"Lora\",Sans-serif !important}@media screen and (max-width:1023px){.stk-56bcbbc .stk-block-text__text{font-size:30px !important}}<\/style><p class=\"stk-block-text__text has-text-color\"><strong><em>Las compa\u00f1\u00edas sanitarias estamos obligadas a liderar una verdadera transformaci\u00f3n que coloque el cuidado y la promoci\u00f3n de la salud en el centro de nuestra acci\u00f3n, fomentando h\u00e1bitos de vida m\u00e1s saludables.<\/em><\/strong><\/p><\/div>\n<\/div><\/div><\/blockquote>\n\n\n\n<p>La COVID-19 ha mostrado la fragilidad de nuestra forma de vida y la importancia que tiene la salud para nuestro sistema econ\u00f3mico. Ahora empezamos a afrontar algunas consecuencias que nos deja la pandemia: la reconstrucci\u00f3n de nuestro sistema sanitario; la necesidad de generar un ecosistema socio-sanitario mucho m\u00e1s eficaz para proteger a las personas m\u00e1s vulnerables; el impulso de nuevas f\u00f3rmulas de trabajo; o la importancia creciente que tiene la salud mental en nuestra sociedad.<\/p>\n\n\n\n<p>Las compa\u00f1\u00edas sanitarias estamos obligadas a liderar una verdadera transformaci\u00f3n que coloque el cuidado y la promoci\u00f3n de la salud en el centro de nuestra acci\u00f3n, fomentando h\u00e1bitos de vida m\u00e1s saludables; formas de consumo m\u00e1s sostenibles; lugares y formas de trabajo m\u00e1s flexibles y alineadas con la protecci\u00f3n de la salud. Debemos empezar por nosotros mismos y, a la vez, ayudar a otros a impulsar su transformaci\u00f3n.<\/p>\n\n\n\n<p>En el Grupo ASISA somos muy conscientes de lo que puede aportar en esa labor nuestra experiencia de 50 a\u00f1os cuidando la salud de las personas. Por ello, en 2022 vamos a trabajar junto a For\u00e9tica y otras compa\u00f1\u00edas para profundizar en el papel que podemos jugar para mejorar el impacto en la salud, tanto f\u00edsica como mental, de nuestros empleados, y c\u00f3mo podemos contribuir desde el \u00e1mbito empresarial a cuidar la salud de clientes y consumidores a trav\u00e9s de una oferta de productos y servicios saludables.<\/p>\n\n\n\n<p>La pandemia ha creado un marco id\u00f3neo para ampliar nuestro enfoque sobre la sostenibilidad y el desarrollo responsable. No podemos permitirnos perder esta oportunidad.<\/p>\n","protected":false},"excerpt":{"rendered":"<p>El consejero delegado de ASISA, Dr. Enrique de Porres, analiza la aportaci\u00f3n del sector sanitario a la Agenda 2030 Dr. Enrique de Porres Consejero delegado de ASISA La salud es uno de los grandes ejes de la Agenda 2030 para el desarrollo sostenible. No solo porque cuente con un objetivo propio, el ODS 3 Salud &#8230; <\/p>\n<p class=\"read-more-container\"><a title=\"La sostenibilidad pasa por la salud\" class=\"read-more button\" href=\"\/blog\/ideas\/la-sostenibilidad-pasa-por-la-salud\/#more-11990\" aria-label=\"Leer m\u00e1s sobre La sostenibilidad pasa por la salud\">Leer m\u00e1s<\/a><\/p>\n","protected":false},"author":9,"featured_media":11995,"comment_status":"closed","ping_status":"closed","sticky":false,"template":"","format":"standard","meta":{"_coblocks_attr":"","_coblocks_dimensions":"","_coblocks_responsive_height":"","_coblocks_accordion_ie_support":"","om_disable_all_campaigns":false,"_uf_show_specific_survey":0,"_uf_disable_surveys":false,"twitterCardType":"","cardImageID":0,"cardImage":"","cardTitle":"","cardDesc":"","cardImageAlt":"","cardPlayer":"","cardPlayerWidth":0,"cardPlayerHeight":0,"cardPlayerStream":"","cardPlayerCodec":"","footnotes":""},"categories":[94,96],"tags":[],"aioseo_notices":[],"featured_image_src":"\/blog\/wp-content\/uploads\/2022\/05\/sostenibilidad-600x400.jpg","featured_image_src_square":"\/blog\/wp-content\/uploads\/2022\/05\/sostenibilidad-600x600.jpg","author_info":{"display_name":"David Fern\u00e1ndez","author_link":"\/blog\/author\/davidfernandez\/"},"_links":{"self":[{"href":"\/blog\/wp-json\/wp\/v2\/posts\/11990"}],"collection":[{"href":"\/blog\/wp-json\/wp\/v2\/posts"}],"about":[{"href":"\/blog\/wp-json\/wp\/v2\/types\/post"}],"author":[{"embeddable":true,"href":"\/blog\/wp-json\/wp\/v2\/users\/9"}],"replies":[{"embeddable":true,"href":"\/blog\/wp-json\/wp\/v2\/comments?post=11990"}],"version-history":[{"count":4,"href":"\/blog\/wp-json\/wp\/v2\/posts\/11990\/revisions"}],"predecessor-version":[{"id":11996,"href":"\/blog\/wp-json\/wp\/v2\/posts\/11990\/revisions\/11996"}],"wp:featuredmedia":[{"embeddable":true,"href":"\/blog\/wp-json\/wp\/v2\/media\/11995"}],"wp:attachment":[{"href":"\/blog\/wp-json\/wp\/v2\/media?parent=11990"}],"wp:term":[{"taxonomy":"category","embeddable":true,"href":"\/blog\/wp-json\/wp\/v2\/categories?post=11990"},{"taxonomy":"post_tag","embeddable":true,"href":"\/blog\/wp-json\/wp\/v2\/tags?post=11990"}],"curies":[{"name":"wp","href":"https:\/\/api.w.org\/{rel}","templated":true}]}}