{"id":11658,"date":"2022-04-08T17:35:14","date_gmt":"2022-04-08T15:35:14","guid":{"rendered":"https:\/\/www.blogdeasisa.es\/?p=11658"},"modified":"2022-04-26T17:13:28","modified_gmt":"2022-04-26T15:13:28","slug":"fundacion-asisa-patrocina-a-la-nadadora-aitana-estrada","status":"publish","type":"post","link":"\/blog\/nosotros\/fundacion-asisa-patrocina-a-la-nadadora-aitana-estrada\/","title":{"rendered":"Fundaci\u00f3n ASISA patrocina a la nadadora Aitana Estrada"},"content":{"rendered":"\n<p><a rel=\"noreferrer noopener\" aria-label=\"Fundaci\u00f3n ASISA patrocina a la nadadora (opens in a new tab)\" href=\"https:\/\/www.asisa.es\/noticias-salud\/2022-04-08-Patrocinio-Aitana-Estrada-Berlin\" target=\"_blank\">Fundaci\u00f3n ASISA ha puesto en marcha el patrocinio de la nadadora<\/a> Aitana Estrada del Club de Nataci\u00f3n Adaptada \u2018Gades\u2019. En su reciente participaci\u00f3n en las series Mundiales de Berl\u00edn ha conseguido batir el r\u00e9cord de Espa\u00f1a en 100 braza.  Esta prueba tuvo se celebr\u00f3n en el Schwimm-und Sprunghalle im Europasportpark (SSE Berl\u00edn), <\/p>\n\n\n\n<p>Adem\u00e1s, la <a rel=\"noreferrer noopener\" aria-label=\"nadadora (opens in a new tab)\" href=\"\/\/nosotros\/salud\/deporte\/beneficios-natacion\/\" target=\"_blank\">nadadora<\/a> ha conseguido bajar en casi tres segundos su r\u00e9cord personal y que manten\u00eda desde 2019. En esta prueba, Aitana Estrada obtuvo un segundo puesto en 50 metros mariposa (S7), una tercera plaza en 50 metros espalda (S7). En la prueba de 400 libre logr\u00f3 un 11\u00ba puesto en la general y un 3\u00ba en categor\u00eda S7. <\/p>\n\n\n\n<p>Aitana, particip\u00f3 en las Series Mundiales de Berl\u00edn con el equipo de la Federaci\u00f3n Espa\u00f1ola de Deportes de Personas con Par\u00e1lisis Cerebral y Da\u00f1o Cerebral Adquirido (FEDPC). La prueba en la piscina alemana ha servido como test para el Mundial de Funchal (Portugal).<\/p>\n\n\n\n<p>En el campeonato de Espa\u00f1a, Aitana Estrada se proclam\u00f3 campeona en 100 metros braza, y subcampeona en 50 metros braza, 100 y 50 metros libres. As\u00ed, la nadadora cuenta con el r\u00e9cord de Espa\u00f1a en 100m y 50m braza. Adem\u00e1s cuenta en su palmar\u00e9s tiene m\u00e1s de 20 medallas de oro, 23 de plata y 16 de bronce.<\/p>\n\n\n\n<p>Con este patrocinio de Aitana Estrada, ASISA, a trav\u00e9s de su Fundaci\u00f3n, refuerza su compromiso con el deporte de base, y su apuesta por j\u00f3venes deportistas. La seguradora lleva a\u00f1os enfocado en el desarrollo del deporte con el patrocino a diferentes deportistas y clubes deportivos. <\/p>\n","protected":false},"excerpt":{"rendered":"<p>Fundaci\u00f3n ASISA ha puesto en marcha el patrocinio de la nadadora Aitana Estrada del Club de Nataci\u00f3n Adaptada \u2018Gades\u2019. En su reciente participaci\u00f3n en las series Mundiales de Berl\u00edn ha conseguido batir el r\u00e9cord de Espa\u00f1a en 100 braza. Esta prueba tuvo se celebr\u00f3n en el Schwimm-und Sprunghalle im Europasportpark (SSE Berl\u00edn), Adem\u00e1s, la nadadora &#8230; <\/p>\n<p class=\"read-more-container\"><a title=\"Fundaci\u00f3n ASISA patrocina a la nadadora Aitana Estrada\" class=\"read-more button\" href=\"\/blog\/nosotros\/fundacion-asisa-patrocina-a-la-nadadora-aitana-estrada\/#more-11658\" aria-label=\"Leer m\u00e1s sobre Fundaci\u00f3n ASISA patrocina a la nadadora Aitana Estrada\">Leer m\u00e1s<\/a><\/p>\n","protected":false},"author":8,"featured_media":11764,"comment_status":"closed","ping_status":"closed","sticky":false,"template":"","format":"standard","meta":{"_coblocks_attr":"","_coblocks_dimensions":"","_coblocks_responsive_height":"","_coblocks_accordion_ie_support":"","om_disable_all_campaigns":false,"_uf_show_specific_survey":0,"_uf_disable_surveys":false,"twitterCardType":"","cardImageID":0,"cardImage":"","cardTitle":"","cardDesc":"","cardImageAlt":"","cardPlayer":"","cardPlayerWidth":0,"cardPlayerHeight":0,"cardPlayerStream":"","cardPlayerCodec":"","footnotes":""},"categories":[97,98],"tags":[],"aioseo_notices":[],"featured_image_src":"\/blog\/wp-content\/uploads\/2022\/04\/patrocinio-de-Aitana-Estrada.jpg","featured_image_src_square":"\/blog\/wp-content\/uploads\/2022\/04\/patrocinio-de-Aitana-Estrada.jpg","author_info":{"display_name":"ASISA","author_link":"\/blog\/author\/laragsoto\/"},"_links":{"self":[{"href":"\/blog\/wp-json\/wp\/v2\/posts\/11658"}],"collection":[{"href":"\/blog\/wp-json\/wp\/v2\/posts"}],"about":[{"href":"\/blog\/wp-json\/wp\/v2\/types\/post"}],"author":[{"embeddable":true,"href":"\/blog\/wp-json\/wp\/v2\/users\/8"}],"replies":[{"embeddable":true,"href":"\/blog\/wp-json\/wp\/v2\/comments?post=11658"}],"version-history":[{"count":14,"href":"\/blog\/wp-json\/wp\/v2\/posts\/11658\/revisions"}],"predecessor-version":[{"id":11767,"href":"\/blog\/wp-json\/wp\/v2\/posts\/11658\/revisions\/11767"}],"wp:featuredmedia":[{"embeddable":true,"href":"\/blog\/wp-json\/wp\/v2\/media\/11764"}],"wp:attachment":[{"href":"\/blog\/wp-json\/wp\/v2\/media?parent=11658"}],"wp:term":[{"taxonomy":"category","embeddable":true,"href":"\/blog\/wp-json\/wp\/v2\/categories?post=11658"},{"taxonomy":"post_tag","embeddable":true,"href":"\/blog\/wp-json\/wp\/v2\/tags?post=11658"}],"curies":[{"name":"wp","href":"https:\/\/api.w.org\/{rel}","templated":true}]}}