{"id":11242,"date":"2022-03-15T16:54:38","date_gmt":"2022-03-15T14:54:38","guid":{"rendered":"http:\/\/www.blogdeasisa.es\/?p=11242"},"modified":"2022-04-19T16:46:22","modified_gmt":"2022-04-19T14:46:22","slug":"asisa-seguros-de-salud-con-apoyo-psicoemocional","status":"publish","type":"post","link":"\/blog\/nosotros\/corporativo\/asisa-seguros-de-salud-con-apoyo-psicoemocional\/","title":{"rendered":"ASISA: seguros de Salud con Apoyo Psicoemocional"},"content":{"rendered":"<p>Desde el comienzo de la pandemia se han disparado en Google las b\u00fasquedas sobre la ansiedad. Preocupados por el bienestar tanto f\u00edsico como emocional, ASISA ha puesto en marcha un <a href=\"https:\/\/www.asisa.es\/apoyo-psicoemocional\" target=\"_blank\" rel=\"noopener noreferrer\">servicio de apoyo psicoemocional<\/a>, donde dispondr\u00e1s de un\u00a0<strong>equipo de profesionales que te acompa\u00f1ar\u00e1n, ayud\u00e1ndote a <\/strong>gestionar tus emociones, para poder establecer las bases para mejorar tu calidad de vida. Hablamos de seguros de Salud con Apoyo Psicoemocional de ASISA.\u00a0<\/p>\n<p>A trav\u00e9s de estas gr\u00e1ficas, te contamos c\u00f3mo la ansiedad y los problemas mentales pueden presentarse en el d\u00eda a d\u00eda. Contar con profesionales que cuiden de tu salud de manera integral es tener tranquilidad. ASISA te ofrece seguros de Salud con Apoyo Psicoemocional.<\/p>\n<h2>El espejo del alma:\u00a0<\/h2>\n<p>En este microrrelato el vac\u00edo intenta ser el protagonista. Sigue leyendo y descubre c\u00f3mo con ASISA, esta historia puede tener un final feliz.<\/p>\n<p>Esa ma\u00f1ana Felipe se quiso afeitar, pero no pudo. La barba estaba, la cuchilla estaba, pero le faltaba la cara. Un detalle nada balad\u00ed cuando la cuesti\u00f3n b\u00e1sica es afeitarse. Se palpaba la barba con la mano y con los dedos pod\u00eda arrancarse algunos pelos de manera dolorosa, pero cuando miraba el espejo no ve\u00eda nada, ni lo ojos, ni la nariz prominente, ni la barba, ni la cara. \u201cTendr\u00e1 obsolescencia programada el espejo\u201d pens\u00f3 y decidi\u00f3 que ese d\u00eda ir\u00eda a la oficina barbudo y sin afeitar. Puso m\u00fasica, eligi\u00f3 una chaqueta y comenz\u00f3 a bailar. Esa ma\u00f1ana Felipe supo que estaba vivo por primera vez en los \u00faltimos meses. Quit\u00f3 el espejo de la pared y puso un p\u00f3ster del grupo que le hizo saltar como un loco el d\u00eda que fue a su primer concierto. All\u00ed se vio reflejado en la sonrisa del bater\u00eda: La barba no le sentaba tan mal.<\/p>\n\n\n<figure class=\"wp-block-image\"><img loading=\"lazy\" decoding=\"async\" width=\"1024\" height=\"1024\" src=\"\/\/wp-content\/uploads\/2022\/03\/220304-POST-FB-ESPEJO-DEL-ALMA--1024x1024.png\" alt=\"\" class=\"wp-image-11244\" srcset=\"\/blog\/wp-content\/uploads\/2022\/03\/220304-POST-FB-ESPEJO-DEL-ALMA--1024x1024.png 1024w, \/blog\/wp-content\/uploads\/2022\/03\/220304-POST-FB-ESPEJO-DEL-ALMA--150x150.png 150w, \/blog\/wp-content\/uploads\/2022\/03\/220304-POST-FB-ESPEJO-DEL-ALMA--300x300.png 300w, \/blog\/wp-content\/uploads\/2022\/03\/220304-POST-FB-ESPEJO-DEL-ALMA--600x600.png 600w, \/blog\/wp-content\/uploads\/2022\/03\/220304-POST-FB-ESPEJO-DEL-ALMA-.png 1080w\" sizes=\"(max-width: 1024px) 100vw, 1024px\" \/><\/figure>\n\n\n<h2>Duda:&nbsp;<\/h2>\n<p>En este microrrelato la duda intenta ser la protagonista. Sigue leyendo y descubre c\u00f3mo con ASISA, esta historia puede tener un final feliz.<\/p>\n<p>Cuando se levantaba temprano todo parec\u00eda m\u00e1s f\u00e1cil. Sent\u00eda que ten\u00eda ventaja. Se puso la camiseta de cuando quer\u00eda salir a correr, la que le recordaba que por las ma\u00f1anas le gusta m\u00e1s correr que andar. Cuando se dirig\u00eda hacia la puerta, se percat\u00f3 que ella se hab\u00eda despertado y no le iba a dejar salir si no la llevaba consigo. Cogi\u00f3 del perchero la cadena que las un\u00eda las dos siempre y baj\u00f3 por las escaleras. En la calle intentaba marcar el ritmo, pero ella tiraba hacia atr\u00e1s. Cuando intentaba saludar a alguien tiraba hacia otro lado, cuando quer\u00eda entrar en alg\u00fan lugar a desayunar, intentaba dejarla fuera. Decidi\u00f3 dejar de tirar de ella, soltar la cadena. Esa ma\u00f1ana marc\u00f3 el ritmo, salud\u00f3 a los barrenderos, desayun\u00f3 churros y un zumo del sabor que m\u00e1s le gustaba. Cuando lleg\u00f3 a casa, esta vez Duda no le hab\u00eda seguido. Habr\u00eda que encontrado a otro due\u00f1o al que amaestrar.<\/p>\n\n\n<figure class=\"wp-block-image\"><img loading=\"lazy\" decoding=\"async\" width=\"1024\" height=\"1024\" src=\"\/\/wp-content\/uploads\/2022\/03\/220304-POST-FB-DUDA-1024x1024.png\" alt=\"\" class=\"wp-image-11245\" srcset=\"\/blog\/wp-content\/uploads\/2022\/03\/220304-POST-FB-DUDA-1024x1024.png 1024w, \/blog\/wp-content\/uploads\/2022\/03\/220304-POST-FB-DUDA-150x150.png 150w, \/blog\/wp-content\/uploads\/2022\/03\/220304-POST-FB-DUDA-300x300.png 300w, \/blog\/wp-content\/uploads\/2022\/03\/220304-POST-FB-DUDA-600x600.png 600w, \/blog\/wp-content\/uploads\/2022\/03\/220304-POST-FB-DUDA.png 1080w\" sizes=\"(max-width: 1024px) 100vw, 1024px\" \/><\/figure>\n\n\n<h2>Muda la tristeza:<\/h2>\n<p>En este microrrelato la tristeza intenta ser la protagonista. Sigue leyendo y descubre c\u00f3mo con ASISA, esta historia puede tener un final feliz.<\/p>\n<p>La tristeza decidi\u00f3 independizarse de Marcos un martes. Llevaba mucho tiempo conviviendo con \u00e9l y cada vez le molestaban m\u00e1s cosas. Su sonrisa cuando recib\u00eda alg\u00fan mensaje, que ordenara la casa sin que ella se lo pidiera, que la bicicleta est\u00e1tica ya no fuera est\u00e9tica, que el sof\u00e1 estuviera m\u00e1s tiempo vac\u00edo y la nevera menos tiempo llena, que las plantar se regaran todas las semanas, que la luz entrara brillante cada ma\u00f1ana. Que, por las noches, alguna noche no regresara.<\/p>\n<p>El mi\u00e9rcoles Marcos le dijo que quer\u00eda hablar con ella, que se mudaba con alguien que hab\u00eda conocido cuando dej\u00f3 de escucharla. Ella se qued\u00f3 muda.<\/p>\n\n\n<p>Recuerda que ASISA pone a tu servicio seguros de Salud con Apoyo Psicoemocional<\/p>\n","protected":false},"excerpt":{"rendered":"<p>Desde el comienzo de la pandemia se han disparado en Google las b\u00fasquedas sobre la ansiedad. Preocupados por el bienestar tanto f\u00edsico como emocional, ASISA ha puesto en marcha un servicio de apoyo psicoemocional, donde dispondr\u00e1s de un\u00a0equipo de profesionales que te acompa\u00f1ar\u00e1n, ayud\u00e1ndote a gestionar tus emociones, para poder establecer las bases para mejorar &#8230; <\/p>\n<p class=\"read-more-container\"><a title=\"ASISA: seguros de Salud con Apoyo Psicoemocional\" class=\"read-more button\" href=\"\/blog\/nosotros\/corporativo\/asisa-seguros-de-salud-con-apoyo-psicoemocional\/#more-11242\" aria-label=\"Leer m\u00e1s sobre ASISA: seguros de Salud con Apoyo Psicoemocional\">Leer m\u00e1s<\/a><\/p>\n","protected":false},"author":8,"featured_media":11249,"comment_status":"closed","ping_status":"closed","sticky":false,"template":"","format":"standard","meta":{"_coblocks_attr":"","_coblocks_dimensions":"","_coblocks_responsive_height":"","_coblocks_accordion_ie_support":"","om_disable_all_campaigns":false,"_uf_show_specific_survey":0,"_uf_disable_surveys":false,"twitterCardType":"","cardImageID":0,"cardImage":"","cardTitle":"","cardDesc":"","cardImageAlt":"","cardPlayer":"","cardPlayerWidth":0,"cardPlayerHeight":0,"cardPlayerStream":"","cardPlayerCodec":"","footnotes":""},"categories":[7,97],"tags":[],"aioseo_notices":[],"featured_image_src":"\/blog\/wp-content\/uploads\/2022\/03\/apoyo-psicoemocional_20220315.jpg","featured_image_src_square":"\/blog\/wp-content\/uploads\/2022\/03\/apoyo-psicoemocional_20220315.jpg","author_info":{"display_name":"ASISA","author_link":"\/blog\/author\/laragsoto\/"},"_links":{"self":[{"href":"\/blog\/wp-json\/wp\/v2\/posts\/11242"}],"collection":[{"href":"\/blog\/wp-json\/wp\/v2\/posts"}],"about":[{"href":"\/blog\/wp-json\/wp\/v2\/types\/post"}],"author":[{"embeddable":true,"href":"\/blog\/wp-json\/wp\/v2\/users\/8"}],"replies":[{"embeddable":true,"href":"\/blog\/wp-json\/wp\/v2\/comments?post=11242"}],"version-history":[{"count":10,"href":"\/blog\/wp-json\/wp\/v2\/posts\/11242\/revisions"}],"predecessor-version":[{"id":11585,"href":"\/blog\/wp-json\/wp\/v2\/posts\/11242\/revisions\/11585"}],"wp:featuredmedia":[{"embeddable":true,"href":"\/blog\/wp-json\/wp\/v2\/media\/11249"}],"wp:attachment":[{"href":"\/blog\/wp-json\/wp\/v2\/media?parent=11242"}],"wp:term":[{"taxonomy":"category","embeddable":true,"href":"\/blog\/wp-json\/wp\/v2\/categories?post=11242"},{"taxonomy":"post_tag","embeddable":true,"href":"\/blog\/wp-json\/wp\/v2\/tags?post=11242"}],"curies":[{"name":"wp","href":"https:\/\/api.w.org\/{rel}","templated":true}]}}