{"id":11072,"date":"2022-02-16T11:00:18","date_gmt":"2022-02-16T09:00:18","guid":{"rendered":"http:\/\/www.blogdeasisa.es\/?p=11072"},"modified":"2022-04-19T16:03:56","modified_gmt":"2022-04-19T14:03:56","slug":"como-prevenir-las-temidas-caries-en-los-ninos","status":"publish","type":"post","link":"\/blog\/salud\/como-prevenir-las-temidas-caries-en-los-ninos\/","title":{"rendered":"\u00bfC\u00f3mo prevenir las temidas caries en los ni\u00f1os?"},"content":{"rendered":"<p>En nuestra boca viven <strong>bacterias que se alimentan de los restos de comida<\/strong> que quedan entre las piezas dentales y, al hacerlo, liberan <strong>\u00e1cidos que pueden da\u00f1ar los tejidos del diente<\/strong>. Este deterioro de los tejidos es lo que conocemos como caries y es <strong>el problema dental infantil m\u00e1s frecuente<\/strong>. Adem\u00e1s, los dientes no tienen capacidad de regenerarse por s\u00ed mismos, por lo que es de vital importancia prevenir las posibles <strong>caries en los ni\u00f1os<\/strong> para que tengan una boca sana para el futuro.<\/p>\n<h2><strong>\u00bfC\u00f3mo identificar las caries tempranamente?<\/strong><\/h2>\n<p>El proceso de las caries en los ni\u00f1os <strong>puede comenzar desde los primeros dientes de leche <\/strong>y es indoloro mientras se centra en los tejidos duros del diente, por lo que es posible que pase desapercibido. Cuando la caries avanza, puede <strong>llegar al nervio<\/strong> produciendo un dolor agudo. Por este motivo, la <a href=\"https:\/\/www.odontologiapediatrica.com\/para-padres\/10-preguntas-sobre-las-caries\/\" target=\"_blank\" rel=\"noopener noreferrer\">Sociedad Espa\u00f1ola de Odontopediatr\u00eda<\/a> recomienda comenzar a <strong>acudir a revisi\u00f3n en el primer a\u00f1o de vida<\/strong>.<\/p>\n<p>Al margen de estas revisiones peri\u00f3dicas, existen algunos indicios a los que debemos prestar atenci\u00f3n para poder <strong>detectar las caries infantiles lo antes posible<\/strong>.<\/p>\n<ul>\n<li>Cuando el ni\u00f1o experimenta <strong>dolor o <\/strong><a href=\"\/\/salud\/sensibilidad-dental-por-que-se-produce-y-como-evitarla\/\" target=\"_blank\" rel=\"noopener noreferrer\"><strong>sensibilidad<\/strong><\/a> en los dientes al tomar algo dulce, algo muy fr\u00edo o muy caliente y la sensaci\u00f3n se prolonga durante un rato.<\/li>\n<li>Si vemos que alguna de las <strong>piezas dentales cambia de color<\/strong> y adquiere un tono amarillo oscuro.<\/li>\n<li>Tambi\u00e9n es posible hacer una <strong>exploraci\u00f3n visual de los dientes<\/strong> de los ni\u00f1os para ver si existen cavidades en las piezas o manchas oscuras.<\/li>\n<\/ul>\n<h2><strong>Consejos para prevenir las caries en los ni\u00f1os de diferentes edades<\/strong><\/h2>\n<p>Los <a href=\"\/\/salud\/primeros-dientes-bebes\/\" target=\"_blank\" rel=\"noopener noreferrer\">primeros dientes<\/a> que aparecen, a partir de los 6 u 8 meses de edad, ya son susceptibles de tener caries, por lo que es <strong>imprescindible comenzar a prevenir<\/strong> desde muy temprano. Existen diferentes consejos que podemos aplicar <strong>en funci\u00f3n de la edad<\/strong> para evitar este problema.<\/p>\n<ul>\n<li><strong>Limpiar los dientes de los beb\u00e9s<\/strong>. Es frecuente que los beb\u00e9s se duerman mientras maman o toman biber\u00f3n, de forma que les queden restos de leche en los dientes. Para evitarlo, se deben <strong>limpiar suavemente con una gasa humedecida y bien limpia<\/strong>.<\/li>\n<li><strong>Evitar los az\u00facares en biberones y chupetes<\/strong>. En lo posible, debemos <strong>evitar darles zumos o mojar los chupetes en miel<\/strong> u otro producto dulce, ya que se depositar\u00e1n az\u00facares en los dientes de los beb\u00e9s.<\/li>\n<li><strong>Comenzar con el cepillado de dientes<\/strong>. A partir de <strong>2 o 3 a\u00f1os<\/strong>, cuando ya hay m\u00e1s dientes y la dieta se vuelve m\u00e1s variada, se les debe empezar a cepillar los dientes con una <strong>cantidad de pasta dent\u00edfrica muy peque\u00f1a<\/strong>. Adem\u00e1s, esto ayudar\u00e1 a inculcar buenos h\u00e1bitos de higiene dental en los m\u00e1s peque\u00f1os.<\/li>\n<li><strong>Cepillarse los dientes de forma aut\u00f3noma. <\/strong>A partir de los <strong>6 a\u00f1os<\/strong>, los ni\u00f1os pueden <strong>comenzar a cepillarse ellos mismos bajo la supervisi\u00f3n<\/strong> de un adulto, que les muestre los movimientos que deben realizar y la cantidad de pasta dental que deben utilizar. As\u00ed, aprender\u00e1n a hacerlo correctamente y <strong>adquirir\u00e1n un buen h\u00e1bito<\/strong> para su vida.<\/li>\n<\/ul>\n<p>Como vemos, la clave para mantener las caries bien alejadas de los dientes de los ni\u00f1os es la <strong>higiene bucal<\/strong>. Es de vital importancia desarrollar buenos h\u00e1bitos de cuidado de los dientes para <strong>asegurar una buena salud bucodental en el futuro<\/strong>.<\/p>\n\n\n<figure class=\"wp-block-embed-youtube wp-block-embed is-type-video is-provider-youtube wp-embed-aspect-16-9 wp-has-aspect-ratio wp-embed-aspect-4-3\"><div class=\"wp-block-embed__wrapper\">\n<iframe loading=\"lazy\" title=\"\u00bfC\u00f3mo prevenir las temidas caries en los ni\u00f1os?\" width=\"1200\" height=\"675\" src=\"https:\/\/www.youtube.com\/embed\/cck1UXCka9M?feature=oembed\" frameborder=\"0\" allow=\"accelerometer; autoplay; clipboard-write; encrypted-media; gyroscope; picture-in-picture\" allowfullscreen><\/iframe>\n<\/div><\/figure>\n\n\n<blockquote>\n<p><strong>Recuerda: <\/strong><\/p>\n<ul>\n<li>La prevenci\u00f3n de las caries debe comenzar entre los 6 y los 8 meses de edad, con la llegada de los primeros dientes.<\/li>\n<li>Debemos evitar bebidas con az\u00facares o mojar los chupetes en miel.<\/li>\n<li>Inculcar h\u00e1bitos de higiene es vital para la salud bucodental futura.<\/li>\n<\/ul>\n<\/blockquote>","protected":false},"excerpt":{"rendered":"<p>En nuestra boca viven bacterias que se alimentan de los restos de comida que quedan entre las piezas dentales y, al hacerlo, liberan \u00e1cidos que pueden da\u00f1ar los tejidos del diente. Este deterioro de los tejidos es lo que conocemos como caries y es el problema dental infantil m\u00e1s frecuente. Adem\u00e1s, los dientes no tienen &#8230; <\/p>\n<p class=\"read-more-container\"><a title=\"\u00bfC\u00f3mo prevenir las temidas caries en los ni\u00f1os?\" class=\"read-more button\" href=\"\/blog\/salud\/como-prevenir-las-temidas-caries-en-los-ninos\/#more-11072\" aria-label=\"Leer m\u00e1s sobre \u00bfC\u00f3mo prevenir las temidas caries en los ni\u00f1os?\">Leer m\u00e1s<\/a><\/p>\n","protected":false},"author":3,"featured_media":11553,"comment_status":"closed","ping_status":"closed","sticky":false,"template":"","format":"standard","meta":{"_coblocks_attr":"","_coblocks_dimensions":"","_coblocks_responsive_height":"","_coblocks_accordion_ie_support":"","om_disable_all_campaigns":false,"_uf_show_specific_survey":0,"_uf_disable_surveys":false,"twitterCardType":"","cardImageID":0,"cardImage":"","cardTitle":"","cardDesc":"","cardImageAlt":"","cardPlayer":"","cardPlayerWidth":0,"cardPlayerHeight":0,"cardPlayerStream":"","cardPlayerCodec":"","footnotes":""},"categories":[3,79],"tags":[],"aioseo_notices":[],"featured_image_src":"\/blog\/wp-content\/uploads\/2022\/02\/caries-en-los-ni\u00f1os.jpg","featured_image_src_square":"\/blog\/wp-content\/uploads\/2022\/02\/caries-en-los-ni\u00f1os.jpg","author_info":{"display_name":"ASISA","author_link":"\/blog\/author\/pgomezdu\/"},"_links":{"self":[{"href":"\/blog\/wp-json\/wp\/v2\/posts\/11072"}],"collection":[{"href":"\/blog\/wp-json\/wp\/v2\/posts"}],"about":[{"href":"\/blog\/wp-json\/wp\/v2\/types\/post"}],"author":[{"embeddable":true,"href":"\/blog\/wp-json\/wp\/v2\/users\/3"}],"replies":[{"embeddable":true,"href":"\/blog\/wp-json\/wp\/v2\/comments?post=11072"}],"version-history":[{"count":5,"href":"\/blog\/wp-json\/wp\/v2\/posts\/11072\/revisions"}],"predecessor-version":[{"id":11330,"href":"\/blog\/wp-json\/wp\/v2\/posts\/11072\/revisions\/11330"}],"wp:featuredmedia":[{"embeddable":true,"href":"\/blog\/wp-json\/wp\/v2\/media\/11553"}],"wp:attachment":[{"href":"\/blog\/wp-json\/wp\/v2\/media?parent=11072"}],"wp:term":[{"taxonomy":"category","embeddable":true,"href":"\/blog\/wp-json\/wp\/v2\/categories?post=11072"},{"taxonomy":"post_tag","embeddable":true,"href":"\/blog\/wp-json\/wp\/v2\/tags?post=11072"}],"curies":[{"name":"wp","href":"https:\/\/api.w.org\/{rel}","templated":true}]}}