{"id":10172,"date":"2021-09-07T11:29:13","date_gmt":"2021-09-07T09:29:13","guid":{"rendered":"http:\/\/www.blogdeasisa.es\/?p=10172"},"modified":"2022-04-26T14:29:31","modified_gmt":"2022-04-26T12:29:31","slug":"para-tener-una-espalda-sana-es-imprescindible-que-los-ninos-se-muevan","status":"publish","type":"post","link":"\/blog\/salud\/para-tener-una-espalda-sana-es-imprescindible-que-los-ninos-se-muevan\/","title":{"rendered":"Para tener una espalda sana es imprescindible que los ni\u00f1os se muevan"},"content":{"rendered":"\n<p>Tener dolor de espalda es com\u00fan a partir de los 10 a\u00f1os. Tanto, que en Espa\u00f1a el 51% de los chicos y el 69% de las chicas de entre 13 y 15 a\u00f1os ya han padecido dolor de espalda. Frente a esta situaci\u00f3n, la mejor soluci\u00f3n es moverse para tener una espalda sana. De hecho, los estudios cient\u00edficos demuestran que la actividad f\u00edsica y evitar o reducir la duraci\u00f3n del reposo en cama en caso de dolor, constituyen las medidas m\u00e1s efectivas para prevenir las dolencias de la espalda desde la edad infantil. <\/p>\n\n\n\n<p>Por eso, los expertos insisten: para tener una espalda sana es fundamental adquirir h\u00e1bitos <a rel=\"noreferrer noopener\" href=\"\/\/salud\/consejos-para-tener-buena-salud-en-el-colegio\/\" target=\"_blank\">saludables desde la infancia<\/a>, como practicar ejercicio de manera regular. Cuanto antes interioricemos esos h\u00e1bitos, mejor cuidaremos la salud de nuestra espalda. Y la mejor edad para hacerlo es entre los 6 y los 10 a\u00f1os.<\/p>\n\n\n\n<h2 class=\"wp-block-heading\"><strong>C\u00f3mo prevenir el dolor de espalda <\/strong><\/h2>\n\n\n\n<p>Para tener una espalda sana y prevenir el dolor hay que tener en cuenta varios aspectos:<\/p>\n\n\n\n<ul><li><strong>Moverse es la mejor prevenci\u00f3n<\/strong>: la pr\u00e1ctica de actividad f\u00edsica es el primer consejo para prevenir el dolor de espalda y tener una espalda sana. Incorporar la actividad f\u00edsica y el deporte a las rutinas desde la infancia reducir\u00e1 la aparici\u00f3n de estas dolencias.<\/li><li><strong>Higiene postural<\/strong>: cuando hay que pasar largos periodos sin moverse es imprescindible cuidar la postura, mantener la pantalla a la altura de los ojos, cambiar de postura frecuentemente. Adem\u00e1s,  levantarse cada 50-60 minutos aunque sea s\u00f3lo para dar unos pasos.  <\/li><li><strong>Postura adecuada para dormir en un colch\u00f3n adecuado<\/strong>: se aconseja dormir de lado o boca arriba. Y evitar hacerlo boca abajo. La cama, adem\u00e1s, debe tener un tama\u00f1o adecuado que permita moverse libremente mientras duerme. En cuanto al colch\u00f3n el de firmeza intermedia.  han demostrado cient\u00edficamente ser mejores que los muy firmes.  <\/li><\/ul>\n\n\n\n<h2 class=\"wp-block-heading\">Recuerda consultar a tu m\u00e9dico<\/h2>\n\n\n\n<ul><li><strong>En caso de dolor, consulta al m\u00e9dico y mant\u00e9n la actividad<\/strong>: si surgen dolores o molestias, es necesario consultar al m\u00e9dico. Una vez confirmado que el origen est\u00e1 originado en la espalda, hay que evitar el reposo en cama o acortarlo tanto como sea posible. Bastan 48 horas de inactividad para que comience a reducirse el tono muscular, lo que prolonga el episodio doloroso y aumenta el riesgo de que repita. En vez de hacer reposo, es mejor mantener el mayor grado de actividad que el dolor permita.<\/li><\/ul>\n\n\n\n<p>Adem\u00e1s de todo esto, hay que tener en cuenta que es necesario <strong>reducir el peso de las mochilas<\/strong> (no deben superar el 10% del peso del ni\u00f1o)\u00a0y llevarla correctamente:<\/p>\n\n\n\n<ul><li>Si es de ruedas mucho mejor.<\/li><li>Si no lo es: llevarla sobre los dos hombros, ajustada a la cintura para que no se mueva. De esta manera, coincidir\u00e1 con el centro de gravedad de los ni\u00f1os, m\u00e1s hacia la zona lumbar, m\u00e1s bajo que en los adultos.<\/li><\/ul>\n\n\n\n<h2 class=\"wp-block-heading\"><strong>\u00bfC\u00f3mo ense\u00f1amos a nuestros hijos a tener una espalda sana? <\/strong><\/h2>\n\n\n\n<div class=\"wp-block-image\"><figure class=\"alignright is-resized\"><a href=\"\/\/wp-content\/uploads\/2018\/09\/tebeo-de-la-espalda.jpg\"><img loading=\"lazy\" decoding=\"async\" src=\"\/\/wp-content\/uploads\/2021\/09\/Tebeo-de-la-Espalda-2021_portada-717x1024.jpg\" alt=\"\" class=\"wp-image-10173\" width=\"359\" height=\"512\" srcset=\"\/blog\/wp-content\/uploads\/2021\/09\/Tebeo-de-la-Espalda-2021_portada-717x1024.jpg 717w, \/blog\/wp-content\/uploads\/2021\/09\/Tebeo-de-la-Espalda-2021_portada-210x300.jpg 210w, \/blog\/wp-content\/uploads\/2021\/09\/Tebeo-de-la-Espalda-2021_portada-600x857.jpg 600w, \/blog\/wp-content\/uploads\/2021\/09\/Tebeo-de-la-Espalda-2021_portada.jpg 827w, \/blog\/wp-content\/uploads\/2021\/09\/Tebeo-de-la-Espalda-2021_portada-210x300@2x.jpg 420w\" sizes=\"(max-width: 359px) 100vw, 359px\" \/><\/a><\/figure><\/div>\n\n\n\n<p>Para que los ni\u00f1os aprendan los conocimientos para mantener su espalda sana, se ha puesto en marcha un a\u00f1o m\u00e1s la <strong>Campa\u00f1a de Prevenci\u00f3n de las Dolencias de la Espalda<\/strong> entre los escolares espa\u00f1oles. Esta campa\u00f1a est\u00e1 impulsada por la Organizaci\u00f3n M\u00e9dica Colegial (OMC) y la Red Espa\u00f1ola de Investigadores en Dolencias de la Espalda (REIDE), en colaboraci\u00f3n con la Confederaci\u00f3n Espa\u00f1ola de Asociaciones de Padres y Madres de Alumnos (CEAPA) y con el apoyo de la Fundaci\u00f3n ASISA. Esta iniciativa la lidera el Dr. Francisco Kovacs, de la Unidad de la Espalda Kovacs del Hospital Universitario HLA-Moncloa.<\/p>\n\n\n\n<p>El <strong><a rel=\"noreferrer noopener\" aria-label=\" (abre en una nueva pesta\u00f1a)\" href=\"\/wp-content\/uploads\/2021\/09\/Tebeo-de-la-Espalda-2021_vo.pdf\" target=\"_blank\">Tebeo de la Espalda<\/a><\/strong> ense\u00f1a a cuidarla de manera f\u00e1cil y atractiva las medidas m\u00e1s eficaces para prevenir las posibles dolencias de la espalda.  Y as\u00ed reducir su impacto y duraci\u00f3n, as\u00ed como los h\u00e1bitos m\u00e1s saludables. Las pruebas cient\u00edficas demuestran la efectividad de la distribuci\u00f3n del Tebeo entre los escolares de menos de 12 a\u00f1os. <\/p>\n\n\n<blockquote>\n<p>Recuerda:\u00a0<\/p>\n<ul class=\"block-editor-rich-text__editable editor-rich-text__editable\" role=\"textbox\" contenteditable=\"true\" aria-multiline=\"true\" data-is-placeholder-visible=\"false\" aria-label=\"Escribe una lista\u2026\" aria-autocomplete=\"list\">\n<li>Realizar\u00a0<strong>actividad f\u00edsica<\/strong>\u00a0de manera habitual.<\/li>\n<li><strong>Cuidar la postura<\/strong> cuando se utilizan dispositivos electr\u00f3nicos.<\/li>\n<li>Si aparece el dolor\u00a0<strong>evitar el reposo completo<\/strong>\u00a0y realizar el grado de actividad que permita el dolor.<\/li>\n<\/ul>\n<\/blockquote>","protected":false},"excerpt":{"rendered":"<p>Tener dolor de espalda es com\u00fan a partir de los 10 a\u00f1os. Tanto, que en Espa\u00f1a el 51% de los chicos y el 69% de las chicas de entre 13 y 15 a\u00f1os ya han padecido dolor de espalda. Frente a esta situaci\u00f3n, la mejor soluci\u00f3n es moverse para tener una espalda sana. De hecho, &#8230; <\/p>\n<p class=\"read-more-container\"><a title=\"Para tener una espalda sana es imprescindible que los ni\u00f1os se muevan\" class=\"read-more button\" href=\"\/blog\/salud\/para-tener-una-espalda-sana-es-imprescindible-que-los-ninos-se-muevan\/#more-10172\" aria-label=\"Leer m\u00e1s sobre Para tener una espalda sana es imprescindible que los ni\u00f1os se muevan\">Leer m\u00e1s<\/a><\/p>\n","protected":false},"author":3,"featured_media":10181,"comment_status":"closed","ping_status":"closed","sticky":false,"template":"","format":"standard","meta":{"_coblocks_attr":"","_coblocks_dimensions":"","_coblocks_responsive_height":"","_coblocks_accordion_ie_support":"","om_disable_all_campaigns":false,"_uf_show_specific_survey":0,"_uf_disable_surveys":false,"twitterCardType":"","cardImageID":0,"cardImage":"","cardTitle":"","cardDesc":"","cardImageAlt":"","cardPlayer":"","cardPlayerWidth":0,"cardPlayerHeight":0,"cardPlayerStream":"","cardPlayerCodec":"","footnotes":""},"categories":[3],"tags":[],"aioseo_notices":[],"featured_image_src":"\/blog\/wp-content\/uploads\/2021\/09\/una-espalda-sana.jpg","featured_image_src_square":"\/blog\/wp-content\/uploads\/2021\/09\/una-espalda-sana.jpg","author_info":{"display_name":"ASISA","author_link":"\/blog\/author\/pgomezdu\/"},"_links":{"self":[{"href":"\/blog\/wp-json\/wp\/v2\/posts\/10172"}],"collection":[{"href":"\/blog\/wp-json\/wp\/v2\/posts"}],"about":[{"href":"\/blog\/wp-json\/wp\/v2\/types\/post"}],"author":[{"embeddable":true,"href":"\/blog\/wp-json\/wp\/v2\/users\/3"}],"replies":[{"embeddable":true,"href":"\/blog\/wp-json\/wp\/v2\/comments?post=10172"}],"version-history":[{"count":14,"href":"\/blog\/wp-json\/wp\/v2\/posts\/10172\/revisions"}],"predecessor-version":[{"id":11737,"href":"\/blog\/wp-json\/wp\/v2\/posts\/10172\/revisions\/11737"}],"wp:featuredmedia":[{"embeddable":true,"href":"\/blog\/wp-json\/wp\/v2\/media\/10181"}],"wp:attachment":[{"href":"\/blog\/wp-json\/wp\/v2\/media?parent=10172"}],"wp:term":[{"taxonomy":"category","embeddable":true,"href":"\/blog\/wp-json\/wp\/v2\/categories?post=10172"},{"taxonomy":"post_tag","embeddable":true,"href":"\/blog\/wp-json\/wp\/v2\/tags?post=10172"}],"curies":[{"name":"wp","href":"https:\/\/api.w.org\/{rel}","templated":true}]}}