{"id":10034,"date":"2021-08-19T09:00:20","date_gmt":"2021-08-19T07:00:20","guid":{"rendered":"http:\/\/www.blogdeasisa.es\/?p=10034"},"modified":"2021-08-06T13:33:53","modified_gmt":"2021-08-06T11:33:53","slug":"precauciones-con-ninos-en-verano-claves-para-unas-vacaciones-seguras","status":"publish","type":"post","link":"\/blog\/salud\/precauciones-con-ninos-en-verano-claves-para-unas-vacaciones-seguras\/","title":{"rendered":"Precauciones con ni\u00f1os en verano: claves para unas vacaciones seguras"},"content":{"rendered":"<p>Vacaciones, actividades al aire libre, playas y piscinas hacen que el verano sea el momento m\u00e1s esperado por los ni\u00f1os. Sin embargo, para los padres puede ser un momento de estr\u00e9s, ya que hay que tener ciertas <strong>precauciones con los ni\u00f1os en las actividades de verano<\/strong>.<\/p>\n<h2><strong>4 precauciones a tener en cuenta con los ni\u00f1os en verano<\/strong><\/h2>\n<p>A continuaci\u00f3n, te contamos las <strong>medidas de prevenci\u00f3n m\u00e1s importantes<\/strong> a tener en cuenta cuando realizamos actividades con ni\u00f1os durante los meses de verano.<\/p>\n<h3><strong>Agua s\u00ed, pero con cuidado:<\/strong><\/h3>\n<p>A casi todos los ni\u00f1os les encanta jugar en el agua, pero en este escenario los accidentes son frecuentes. Adem\u00e1s de <strong>tenerlos a la vista en todo momento<\/strong>, es importante que los ni\u00f1os que no sepan nadar correctamente <strong>usen flotadores<\/strong> y no salgan de las <strong>zonas donde puedan hacer pie<\/strong> f\u00e1cilmente. Tampoco es recomendable correr cerca del bordillo o tirarse de cabeza, para <strong>evitar resbalones y golpes<\/strong>. Y, por supuesto, asegurarnos de que siguen cualquier otra <strong>norma marcada por el personal de socorrismo<\/strong>.<\/p>\n<p>Por otra parte, para <strong>mantener los pies de los ni\u00f1os sanos<\/strong>, deben utilizar chanclas en suelos mojados y secarse bien los pies para <strong>evitar hongos<\/strong>. Adem\u00e1s, tambi\u00e9n es recomendable cambiar los ba\u00f1adores mojados por ropa seca para evitar <strong>infecciones<\/strong>.<\/p>\n<h2><strong>Proteger a los ni\u00f1os del sol:<\/strong><\/h2>\n<p>Entre un <a href=\"https:\/\/www.analesdepediatria.org\/es-actualizacion-fotoproteccion-infantil-articulo-S1695403309003683\" target=\"_blank\" rel=\"noopener noreferrer\">50 y un 80% de la radiaci\u00f3n solar<\/a> que recibimos a lo largo de nuestra vida sucede durante la infancia y la adolescencia. Esto tiene un impacto significativo sobre las <strong>posibilidades de desarrollar melanoma<\/strong> una vez que son adultos. Adem\u00e1s, los peque\u00f1os son muy sensibles a los efectos del sol, por lo que debemos <a href=\"\/\/salud\/8-recomendaciones-para-proteger-a-nuestros-hijos-del-sol-en-verano\/\" target=\"_blank\" rel=\"noopener noreferrer\">protegerlos especialmente<\/a>.<\/p>\n<p>No realizar actividades en el exterior en las <strong>horas de m\u00e1s calor<\/strong> e hidratarlos correctamente ayudar\u00e1 a evitar un golpe de calor.<\/p>\n<p>Adem\u00e1s, debemos <strong>cubrirles la cabeza<\/strong> con una gorra y aplicarles un protector solar con factor de protecci\u00f3n alto media hora antes de exponerse al sol, aplicando de nuevo cada dos horas y despu\u00e9s del ba\u00f1o. Para aquellos ni\u00f1os especialmente sensibles a la radiaci\u00f3n solar, existe <strong>ropa con filtro ultravioleta<\/strong> que podemos encontrar en tiendas deportivas. En el caso de los ni\u00f1os menores de seis meses, es preferible no exponerlos al sol directamente en lugar de utilizar protector solar, ya que su piel es muy sensible y puede reaccionar al producto<\/p>\n<h3><strong>Ropa y calzado acorde a la situaci\u00f3n:<\/strong><\/h3>\n<p>Las temperaturas y las actividades cambian, as\u00ed que la ropa y el <a href=\"\/\/salud\/cuidar-nuestros-pies-durante-el-verano\/\">calzado<\/a> de los ni\u00f1os debe adecuarse a ello. En los d\u00edas de calor es preferible utilizar <strong>ropa de colores claros y tejidos transpirables<\/strong>. Aunque son una buena opci\u00f3n para playas y piscinas, no es recomendable utilizar chanclas todo el tiempo. Mejor unas <strong>sandalias que sujeten bien el pie<\/strong> o unas zapatillas si estamos en el campo.<\/p>\n<p>No debemos olvidar proteger los ojos de los ni\u00f1os, para ello, unas <strong>gafas oscuras con filtro UV<\/strong> son una buena opci\u00f3n.<\/p>\n<h3><strong>Una alimentaci\u00f3n adaptada al verano:<\/strong><\/h3>\n<p>Una buena <strong>hidrataci\u00f3n<\/strong> es clave para la salud de los menores en verano. Lo ideal es que beban agua regularmente antes incluso de sentir sed. Asimismo, la <strong>fruta tambi\u00e9n puede ser una buena opci\u00f3n como snack<\/strong>, ya que aporta mucha agua y vitaminas. En cuanto a las comidas, debemos <strong>mantener los alimentos bien refrigerados<\/strong> y evitar ingredientes que se deterioren con facilidad, ya que pueden dar lugar a una <strong>intoxicaci\u00f3n alimentaria<\/strong>.<\/p>\n<p>Por otra parte, es aconsejable que despu\u00e9s de comer pasen un rato a la sombra y eviten ba\u00f1arse en agua muy fr\u00eda para tener una buena digesti\u00f3n.<\/p>\n<p>Adem\u00e1s de tomar todas estas precauciones con los ni\u00f1os en verano, es vital que expliquemos e <strong>inculquemos a los menores la importancia de estos h\u00e1bitos<\/strong>. As\u00ed, el d\u00eda de ma\u00f1ana continuar\u00e1n tomando precauciones para disfrutar de todo lo bueno que nos ofrece esta \u00e9poca del a\u00f1o sin riesgos.<\/p>\n<blockquote>\n<p><strong>Recuerda: <\/strong><\/p>\n<ul>\n<li>Entre el 50 y el 80% de la radiaci\u00f3n solar que recibimos en nuestra vida tiene lugar en la infancia y adolescencia.<\/li>\n<li>La piel de los ni\u00f1os m\u00e1s peque\u00f1os es muy sensible y puede reaccionar al protector solar.<\/li>\n<li>Es vital inculcar estos h\u00e1bitos a los ni\u00f1os para que los contin\u00faen en su vida adulta.<\/li>\n<\/ul>\n<p>\u00a0<\/p>\n<\/blockquote>\n","protected":false},"excerpt":{"rendered":"<p>Vacaciones, actividades al aire libre, playas y piscinas hacen que el verano sea el momento m\u00e1s esperado por los ni\u00f1os. Sin embargo, para los padres puede ser un momento de estr\u00e9s, ya que hay que tener ciertas precauciones con los ni\u00f1os en las actividades de verano. 4 precauciones a tener en cuenta con los ni\u00f1os &#8230; <\/p>\n<p class=\"read-more-container\"><a title=\"Precauciones con ni\u00f1os en verano: claves para unas vacaciones seguras\" class=\"read-more button\" href=\"\/blog\/salud\/precauciones-con-ninos-en-verano-claves-para-unas-vacaciones-seguras\/#more-10034\" aria-label=\"Leer m\u00e1s sobre Precauciones con ni\u00f1os en verano: claves para unas vacaciones seguras\">Leer m\u00e1s<\/a><\/p>\n","protected":false},"author":8,"featured_media":10037,"comment_status":"closed","ping_status":"closed","sticky":false,"template":"","format":"standard","meta":{"_coblocks_attr":"","_coblocks_dimensions":"","_coblocks_responsive_height":"","_coblocks_accordion_ie_support":"","om_disable_all_campaigns":false,"_uf_show_specific_survey":0,"_uf_disable_surveys":false,"twitterCardType":"","cardImageID":0,"cardImage":"","cardTitle":"","cardDesc":"","cardImageAlt":"","cardPlayer":"","cardPlayerWidth":0,"cardPlayerHeight":0,"cardPlayerStream":"","cardPlayerCodec":"","footnotes":""},"categories":[3],"tags":[],"aioseo_notices":[],"featured_image_src":"\/blog\/wp-content\/uploads\/2021\/08\/precauciones-con-ni\u00f1os-en-verano.jpg","featured_image_src_square":"\/blog\/wp-content\/uploads\/2021\/08\/precauciones-con-ni\u00f1os-en-verano.jpg","author_info":{"display_name":"ASISA","author_link":"\/blog\/author\/laragsoto\/"},"_links":{"self":[{"href":"\/blog\/wp-json\/wp\/v2\/posts\/10034"}],"collection":[{"href":"\/blog\/wp-json\/wp\/v2\/posts"}],"about":[{"href":"\/blog\/wp-json\/wp\/v2\/types\/post"}],"author":[{"embeddable":true,"href":"\/blog\/wp-json\/wp\/v2\/users\/8"}],"replies":[{"embeddable":true,"href":"\/blog\/wp-json\/wp\/v2\/comments?post=10034"}],"version-history":[{"count":3,"href":"\/blog\/wp-json\/wp\/v2\/posts\/10034\/revisions"}],"predecessor-version":[{"id":10038,"href":"\/blog\/wp-json\/wp\/v2\/posts\/10034\/revisions\/10038"}],"wp:featuredmedia":[{"embeddable":true,"href":"\/blog\/wp-json\/wp\/v2\/media\/10037"}],"wp:attachment":[{"href":"\/blog\/wp-json\/wp\/v2\/media?parent=10034"}],"wp:term":[{"taxonomy":"category","embeddable":true,"href":"\/blog\/wp-json\/wp\/v2\/categories?post=10034"},{"taxonomy":"post_tag","embeddable":true,"href":"\/blog\/wp-json\/wp\/v2\/tags?post=10034"}],"curies":[{"name":"wp","href":"https:\/\/api.w.org\/{rel}","templated":true}]}}